{"id":131412,"date":"2024-01-09T09:49:48","date_gmt":"2024-01-09T12:49:48","guid":{"rendered":"https:\/\/vinasfm.com\/noticias\/?p=131412"},"modified":"2024-01-10T09:08:39","modified_gmt":"2024-01-10T12:08:39","slug":"los-productores-de-vino-se-reuniran-con-legisladores-nacionales-por-la-suba-de-las-retenciones-que-impulsa-el-gobierno","status":"publish","type":"post","link":"https:\/\/vinasfm.com\/noticias\/los-productores-de-vino-se-reuniran-con-legisladores-nacionales-por-la-suba-de-las-retenciones-que-impulsa-el-gobierno\/","title":{"rendered":"LOS PRODUCTORES DE VINO SE REUNIR\u00c1N CON LEGISLADORES NACIONALES POR LA SUBA DE LAS RETENCIONES QUE IMPULSA EL GOBIERNO"},"content":{"rendered":"<h4><strong>Tras reunirse con el secretario de Bieconom\u00eda, Fernando Vilella, la principal asociaci\u00f3n del sector, COVIAR, organiz\u00f3 un encuentro al que convoc\u00f3 a los legisladores de las provincias vitivin\u00edcolas.<\/strong><\/h4>\n<p>La Corporaci\u00f3n Vitivin\u00edcola Argentina (COVIAR) realizar\u00e1 el mi\u00e9rcoles por la ma\u00f1ana un encuentro organizado para debatir sobre el paquete de medidas que impulsa en el Congreso del gobierno de Javier Milei, que incluye la suba de retenciones al sector.<\/p>\n<p>Al encuentro fueron convocados legisladores de las provincias productoras de vino, con el objetivo de \u201cexponer y dialogar en el marco del Plan Estat\u00e9gico Argentina Vitivin\u00edcola al 2030, sobre los alcances y el impacto negativo de la propuesta de aplicaci\u00f3n de derechos de exportaci\u00f3n al complejo vitivin\u00edcola explicitada en el proyecto de ley de \u201cBases y Puntos de Partida para la Libertad de los Argentinos\u201d, seg\u00fan reza en la invitaci\u00f3n cursada a los diputados y senadores provinciales.<\/p>\n<p>Las autoridades de COVIAR ya expresaron formalmente su rechazo a la iniciativa de fijar retenciones para la producci\u00f3n del sector en un encuentro que mantuvieron la semana pasada con el\u00a0<b>secretario de Bioeconom\u00eda de la Naci\u00f3n, Fernando Vilella<\/b>, a quien le ratificaron su malestar. Lo hicieron acompa\u00f1ados por los ministros de la Producci\u00f3n de Mendoza y San Juan,<\/p>\n<p>En la reuni\u00f3n, los integrantes de COVIAR plantearon el rechazo al proyecto de ley que reinstala las retenciones con una al\u00edcuota del 8% para todos los productos exportables de la vitivinicultura y pidieron sostener la continuidad del Proviar 2, el fomento del turismo del vino, la sostenibilidad y la lucha contra la plaga Lobesia Botrana.<\/p>\n<p>Al miso tiempo, dialogaron con Vilella sobre esa actividad presente en 18 provincias argentinas, y analizaron c\u00f3mo fortalecer la articulaci\u00f3n p\u00fablico-privada con Naci\u00f3n, a partir de la asunci\u00f3n del nuevo gobierno. Todos temas fueron analizados en el marco del\u00a0<b>Plan Estrat\u00e9gico Vitivin\u00edcola (PEVI)\u00a0<\/b>en su actualizaci\u00f3n al 2030.<\/p>\n<p class=\"paragraph\" data-mrf-recirculation=\"Links inline\">A la reuni\u00f3n con Vilella asistieron\u00a0<b>Mario Gonz\u00e1lez<\/b>, presidente de COVIAR, junto a Gustavo Fern\u00e1ndez (ministro de Producci\u00f3n de San Juan), Rodolfo Vargas Arizu (ministro de Producci\u00f3n de Mendoza),\u00a0<b>Jos\u00e9 Zuccardi<\/b>\u00a0(vicepresidente de COVIAR),<b>\u00a0Jos\u00e9 Molina\u00a0<\/b>(presidente de la C\u00e1mara de Productores Vit\u00edcolas de San Juan) y Fernando Morales (presidente de la C\u00e1mara de Mosto), entre otros miembros del directorio.<\/p>\n<p class=\"paragraph\" data-mrf-recirculation=\"Links inline\">\u201cLa reuni\u00f3n fue ampliamente positiva. En una misma mesa de di\u00e1logo, abierta y representativa de todo el sector, como es COVIAR, en las que estuvieron presentes los ministros de la Producci\u00f3n de las dos provincias vitivin\u00edcolas con mayor superficie cultivada, como son Mendoza y San Juan, se plantearon los temas centrales para la vitivinicultura argentina y se abri\u00f3 una agenda de trabajo e intercambio de estudios t\u00e9cnicos para ir avanzando en cada una de las tem\u00e1ticas presentadas\u201d, explicaron desde la Coviar. En cuanto a las retenciones, Vilella destac\u00f3 tras esa reuni\u00f3n, el martes pasado, que la cuesti\u00f3n deber\u00e1 ser tratada y decidida en el \u00e1mbito del Congreso cuando se debata el proyecto en ambas c\u00e1maras.<\/p>\n<p class=\"paragraph\" data-mrf-recirculation=\"Links inline\">\u201cLa reuni\u00f3n fue muy positiva. Con la participaci\u00f3n de los ministros de la Producci\u00f3n de Mendoza y San Juan (miembros del Directorio de COVIAR), presentamos a las nuevas autoridades nacionales el importante rol que tiene COVIAR y el Plan Estrat\u00e9gico Vitivin\u00edcola al 2030 como mesa de articulaci\u00f3n, dialogo y trabajo para el futuro de la Viticultura Argentina\u201d, afirm\u00f3\u00a0<b>Mario Gonz\u00e1lez<\/b>, presidente de COVIAR.<\/p>\n<p class=\"paragraph\" data-mrf-recirculation=\"Links inline\">Por su parte, el secretario Vilella se mostr\u00f3 abierto y emp\u00e1tico a seguir profundizando el trabajo con la vitivinicultura y defendi\u00f3 la necesidad de contar con una visi\u00f3n de futuro como es el Plan Estrat\u00e9gico Vitivin\u00edcola al 2030 en todas las econom\u00edas regionales. \u201cNosotros vinimos a trabajar por esto (en referencia al Plan Estrat\u00e9gico de la Vitivinicultura), para el largo plazo con el objetivo de duplicar las exportaciones\u201d, destac\u00f3 Vilella.<\/p>\n<p class=\"paragraph\" data-mrf-recirculation=\"Links inline\">Tambi\u00e9n desde Bodegas Argentinas manifestaron su preocupaci\u00f3n por la aplicaci\u00f3n del impuesto y advirtieron que \u201crepresentan 60 millones de d\u00f3lares de costo fiscal. Suma de bajo impacto para las arcas nacionales, pero es cercano al monto que las bodegas gastan en acciones de promoci\u00f3n y publicidad en los mercados en los que est\u00e1n presentes\u201d .<\/p>\n<p class=\"paragraph\" data-mrf-recirculation=\"Links inline\">la entidad que nuclea a m\u00e1s de 200 bodegas y empresas proveedoras del sector vitivin\u00edcola agreg\u00f3 que la medida provocar\u00eda \u201cuna baja en la competitividad de las exportaciones\u201d y profundizaria la ca\u00edda de las ya diezmadas ventas al exterior con el consecuente incremento de existencias de vinos y disminuciones en los precios de las materias primas.<\/p>\n","protected":false},"excerpt":{"rendered":"<p>Tras reunirse con el secretario de Bieconom\u00eda, Fernando Vilella, la principal asociaci\u00f3n del sector, COVIAR, organiz\u00f3 un encuentro al que convoc\u00f3 &#8230;<\/p>\n","protected":false},"author":7,"featured_media":130756,"comment_status":"open","ping_status":"open","sticky":false,"template":"","format":"standard","meta":{"footnotes":""},"categories":[5,14],"tags":[],"class_list":["post-131412","post","type-post","status-publish","format-standard","has-post-thumbnail","hentry","category-actualidad","category-agro"],"_links":{"self":[{"href":"https:\/\/vinasfm.com\/noticias\/wp-json\/wp\/v2\/posts\/131412","targetHints":{"allow":["GET"]}}],"collection":[{"href":"https:\/\/vinasfm.com\/noticias\/wp-json\/wp\/v2\/posts"}],"about":[{"href":"https:\/\/vinasfm.com\/noticias\/wp-json\/wp\/v2\/types\/post"}],"author":[{"embeddable":true,"href":"https:\/\/vinasfm.com\/noticias\/wp-json\/wp\/v2\/users\/7"}],"replies":[{"embeddable":true,"href":"https:\/\/vinasfm.com\/noticias\/wp-json\/wp\/v2\/comments?post=131412"}],"version-history":[{"count":1,"href":"https:\/\/vinasfm.com\/noticias\/wp-json\/wp\/v2\/posts\/131412\/revisions"}],"predecessor-version":[{"id":131414,"href":"https:\/\/vinasfm.com\/noticias\/wp-json\/wp\/v2\/posts\/131412\/revisions\/131414"}],"wp:featuredmedia":[{"embeddable":true,"href":"https:\/\/vinasfm.com\/noticias\/wp-json\/wp\/v2\/media\/130756"}],"wp:attachment":[{"href":"https:\/\/vinasfm.com\/noticias\/wp-json\/wp\/v2\/media?parent=131412"}],"wp:term":[{"taxonomy":"category","embeddable":true,"href":"https:\/\/vinasfm.com\/noticias\/wp-json\/wp\/v2\/categories?post=131412"},{"taxonomy":"post_tag","embeddable":true,"href":"https:\/\/vinasfm.com\/noticias\/wp-json\/wp\/v2\/tags?post=131412"}],"curies":[{"name":"wp","href":"https:\/\/api.w.org\/{rel}","templated":true}]}}