{"id":131337,"date":"2024-01-06T09:12:49","date_gmt":"2024-01-06T12:12:49","guid":{"rendered":"https:\/\/vinasfm.com\/noticias\/?p=131337"},"modified":"2024-01-08T08:30:42","modified_gmt":"2024-01-08T11:30:42","slug":"molero-celebramos-este-tipo-de-obra-en-la-zona-rural","status":"publish","type":"post","link":"https:\/\/vinasfm.com\/noticias\/molero-celebramos-este-tipo-de-obra-en-la-zona-rural\/","title":{"rendered":"MOLERO: \u201cCELEBRAMOS ESTE TIPO DE OBRA EN LA ZONA RURAL\u201d"},"content":{"rendered":"<p><span style=\"color: #000000;\"><strong>Desde la Direcci\u00f3n Provincial de Vialidad y en conjunto con la Secretar\u00eda de Obras P\u00fablicos de la Municipalidad se trabaja en el asfalto de calle F entre 7 y 10, son 3km con una inversi\u00f3n millonaria que se est\u00e1 realizando en la zona rural.<\/strong><\/span><\/p>\n<p><span style=\"color: #000000;\">En esta recorrida se cont\u00f3 con la visita de Hebe Casado, Vicegobernadora de la provincia, Osvaldo Romagnoli, administrador provincial de Vialidad, Leonardo Vi\u00f1olo, consejero zona sur de Vialidad provincial y dem\u00e1s funcionarios.<\/span><\/p>\n<p><span style=\"color: #000000;\">El intendente Alejandro Molero manifest\u00f3 <em><strong>\u201cestamos felices de recibir a la Vicegobernadora y a los responsables de Vialidad sobre todo para anunciar este tipo de trabajos. Este asfalto que se est\u00e1 realizando en calle F que son 3k quiz\u00e1s pueden ser poco significativos, pero nos parece sumamente importante trabajar en la zona rural\u201d.<\/strong><\/em><\/span><\/p>\n<p><a href=\"https:\/\/vinasfm.com\/noticias\/wp-content\/uploads\/2024\/01\/Asfalto-Calle-F-5-scaled.jpg\"><img loading=\"lazy\" decoding=\"async\" class=\"alignnone size-medium wp-image-131339\" src=\"https:\/\/vinasfm.com\/noticias\/wp-content\/uploads\/2024\/01\/Asfalto-Calle-F-5-300x169.jpg\" alt=\"\" width=\"300\" height=\"169\" srcset=\"https:\/\/vinasfm.com\/noticias\/wp-content\/uploads\/2024\/01\/Asfalto-Calle-F-5-300x169.jpg 300w, https:\/\/vinasfm.com\/noticias\/wp-content\/uploads\/2024\/01\/Asfalto-Calle-F-5-1024x576.jpg 1024w, https:\/\/vinasfm.com\/noticias\/wp-content\/uploads\/2024\/01\/Asfalto-Calle-F-5-768x432.jpg 768w, https:\/\/vinasfm.com\/noticias\/wp-content\/uploads\/2024\/01\/Asfalto-Calle-F-5-1536x864.jpg 1536w, https:\/\/vinasfm.com\/noticias\/wp-content\/uploads\/2024\/01\/Asfalto-Calle-F-5-2048x1152.jpg 2048w, https:\/\/vinasfm.com\/noticias\/wp-content\/uploads\/2024\/01\/Asfalto-Calle-F-5-750x420.jpg 750w, https:\/\/vinasfm.com\/noticias\/wp-content\/uploads\/2024\/01\/Asfalto-Calle-F-5-1140x641.jpg 1140w\" sizes=\"auto, (max-width: 300px) 100vw, 300px\" \/><\/a><\/p>\n<p><span style=\"color: #000000;\"><strong><em>\u201cAdem\u00e1s estamos trabajando en los caminos rurales, coment\u00f3 Molero, seguimos siempre en esa l\u00ednea y con la ayuda de la provincia, tambi\u00e9n vamos a firmar para la reconversi\u00f3n de m\u00e1s de 130 luminarias led de \u00faltima tecnolog\u00eda para la calle Ing. Lange y para todos los cruces peligrosos y con mucho tr\u00e1nsito\u201d.<\/em><\/strong><\/span><\/p>\n<p><span style=\"color: #000000;\">Hebe Casado por su parte dijo <em><strong>\u201cmi funci\u00f3n es recorrer la provincia, tambi\u00e9n visit\u00e9 el Departamento de San Rafael y Malarg\u00fce, siempre me tendr\u00e1n por el sur\u201d.<\/strong><\/em><\/span><\/p>\n<p><span style=\"color: #000000;\">Osvaldo Romagnoli, administrador provincial de Vialidad comunic\u00f3 <strong><em>\u201cen General Alvear tenemos muchas obras por realizar, en este caso ten\u00edamos un problema con el agua que pasa por debajo de la Ruta, eso produc\u00eda que se deteriorara. Una vez consolidada esta ruta lo que se hace se imprima, se coloca una transici\u00f3n entre lo viejo y lo nuevo y se incorpora una carpeta de 4cm\u201d.<\/em><\/strong><\/span><\/p>\n<p><span style=\"color: #000000;\"><em><strong>\u201cEste arreglo le da un valor agregado porque el productor que transita por una ruta arreglada no solo cuenta con seguridad, sino que lo puede hacer con m\u00e1s fluidez\u201d<\/strong><\/em>, finaliza Romagnoli.<\/span><\/p>\n<p><span style=\"color: #000000;\">Vi\u00f1olo consejero de zona sur expuso <em><strong>\u201ces muy importante culminar esta obra porque trabajar en rutas de la zona rural le da m\u00e1s calidad a los productos. A pesar de la situaci\u00f3n econ\u00f3mica que estamos viviendo vamos a ir escuchando a los delegados de los distritos para poder avanzar en lo que podamos, siempre trabajando en conjunto con la Municipalidad\u201d.<\/strong><\/em><\/span><\/p>\n","protected":false},"excerpt":{"rendered":"<p>Desde la Direcci\u00f3n Provincial de Vialidad y en conjunto con la Secretar\u00eda de Obras P\u00fablicos de la Municipalidad se trabaja en &#8230;<\/p>\n","protected":false},"author":7,"featured_media":131338,"comment_status":"open","ping_status":"open","sticky":false,"template":"","format":"standard","meta":{"footnotes":""},"categories":[5,7],"tags":[],"class_list":["post-131337","post","type-post","status-publish","format-standard","has-post-thumbnail","hentry","category-actualidad","category-politica"],"_links":{"self":[{"href":"https:\/\/vinasfm.com\/noticias\/wp-json\/wp\/v2\/posts\/131337","targetHints":{"allow":["GET"]}}],"collection":[{"href":"https:\/\/vinasfm.com\/noticias\/wp-json\/wp\/v2\/posts"}],"about":[{"href":"https:\/\/vinasfm.com\/noticias\/wp-json\/wp\/v2\/types\/post"}],"author":[{"embeddable":true,"href":"https:\/\/vinasfm.com\/noticias\/wp-json\/wp\/v2\/users\/7"}],"replies":[{"embeddable":true,"href":"https:\/\/vinasfm.com\/noticias\/wp-json\/wp\/v2\/comments?post=131337"}],"version-history":[{"count":1,"href":"https:\/\/vinasfm.com\/noticias\/wp-json\/wp\/v2\/posts\/131337\/revisions"}],"predecessor-version":[{"id":131340,"href":"https:\/\/vinasfm.com\/noticias\/wp-json\/wp\/v2\/posts\/131337\/revisions\/131340"}],"wp:featuredmedia":[{"embeddable":true,"href":"https:\/\/vinasfm.com\/noticias\/wp-json\/wp\/v2\/media\/131338"}],"wp:attachment":[{"href":"https:\/\/vinasfm.com\/noticias\/wp-json\/wp\/v2\/media?parent=131337"}],"wp:term":[{"taxonomy":"category","embeddable":true,"href":"https:\/\/vinasfm.com\/noticias\/wp-json\/wp\/v2\/categories?post=131337"},{"taxonomy":"post_tag","embeddable":true,"href":"https:\/\/vinasfm.com\/noticias\/wp-json\/wp\/v2\/tags?post=131337"}],"curies":[{"name":"wp","href":"https:\/\/api.w.org\/{rel}","templated":true}]}}