{"id":131310,"date":"2024-01-05T10:25:42","date_gmt":"2024-01-05T13:25:42","guid":{"rendered":"https:\/\/vinasfm.com\/noticias\/?p=131310"},"modified":"2024-01-06T09:32:16","modified_gmt":"2024-01-06T12:32:16","slug":"se-robaron-de-todo-en-una-vivienda-ubicada-en-inmediaciones-de-calle-albox","status":"publish","type":"post","link":"https:\/\/vinasfm.com\/noticias\/se-robaron-de-todo-en-una-vivienda-ubicada-en-inmediaciones-de-calle-albox\/","title":{"rendered":"SE ROBARON DE TODO EN UNA VIVIENDA UBICADA EN INMEDIACIONES DE CALLE ALBOX"},"content":{"rendered":"<p><strong>Una familia inici\u00f3 la ma\u00f1ana con la noticia de que les hab\u00edan sustra\u00eddo una importante cantidad de objetos de su vivienda.\u00a0<\/strong><\/p>\n<p><span style=\"color: #000000;\">Un malviviente en horas de la noche a una vivienda ubicada en inmediaciones de calle Albox y Presidente Illia. Tras recorren la propiedad, el asaltante sustrajo:<\/span><\/p>\n<ul>\n<li><span style=\"color: #000000;\">Bicicleta Battle de color negro y gris, rodado 29<\/span><\/li>\n<li><span style=\"color: #000000;\">Bicicleta Trek de color negra con letras rojas, rodado 29<\/span><\/li>\n<li><span style=\"color: #000000;\">iPhone 11 de color negro, con vidrio trasero roto<\/span><\/li>\n<li><span style=\"color: #000000;\">iPhone 12 de color azul oscuro<\/span><\/li>\n<li><span style=\"color: #000000;\">iPhone 7 Plus de color gris<\/span><\/li>\n<li><span style=\"color: #000000;\">PlayStation 2 y 3<\/span><\/li>\n<li><span style=\"color: #000000;\">Billetera de color negro, con DNI a nombre de Faustino S\u00e1enz<\/span><\/li>\n<li><span style=\"color: #000000;\">Billetera de cuero de color marr\u00f3n, con DNI a nombre de Mat\u00edas S\u00e1enz<\/span><\/li>\n<li><span style=\"color: #000000;\">Billetera de color dorada, con DNI a nombre de Valentina Gattera<\/span><\/li>\n<li><span style=\"color: #000000;\">Billetera de color azul, con DNI a nombre de Santino Gattera<\/span><\/li>\n<li><span style=\"color: #000000;\">Mochila de color negro con ropa de mujer<\/span><\/li>\n<li><span style=\"color: #000000;\">M\u00e1quina de afeitar de color negro y verde<\/span><\/li>\n<\/ul>\n<p><span style=\"color: #000000;\"><strong>La familia v\u00edctima de este aberrante hecho informa que se gratificar\u00e1 la devoluci\u00f3n de los bienes sustra\u00eddos. Ante cualquier informaci\u00f3n, comunicarse al <span style=\"color: #0000ff;\">2625-666058<\/span> (Mat\u00edas Sa\u00e9nz).<\/strong><\/span><\/p>\n","protected":false},"excerpt":{"rendered":"<p>Una familia inici\u00f3 la ma\u00f1ana con la noticia de que les hab\u00edan sustra\u00eddo una importante cantidad de objetos de su vivienda.\u00a0 &#8230;<\/p>\n","protected":false},"author":7,"featured_media":131311,"comment_status":"open","ping_status":"open","sticky":false,"template":"","format":"standard","meta":{"footnotes":""},"categories":[5,10],"tags":[],"class_list":["post-131310","post","type-post","status-publish","format-standard","has-post-thumbnail","hentry","category-actualidad","category-destacadas"],"_links":{"self":[{"href":"https:\/\/vinasfm.com\/noticias\/wp-json\/wp\/v2\/posts\/131310","targetHints":{"allow":["GET"]}}],"collection":[{"href":"https:\/\/vinasfm.com\/noticias\/wp-json\/wp\/v2\/posts"}],"about":[{"href":"https:\/\/vinasfm.com\/noticias\/wp-json\/wp\/v2\/types\/post"}],"author":[{"embeddable":true,"href":"https:\/\/vinasfm.com\/noticias\/wp-json\/wp\/v2\/users\/7"}],"replies":[{"embeddable":true,"href":"https:\/\/vinasfm.com\/noticias\/wp-json\/wp\/v2\/comments?post=131310"}],"version-history":[{"count":2,"href":"https:\/\/vinasfm.com\/noticias\/wp-json\/wp\/v2\/posts\/131310\/revisions"}],"predecessor-version":[{"id":131318,"href":"https:\/\/vinasfm.com\/noticias\/wp-json\/wp\/v2\/posts\/131310\/revisions\/131318"}],"wp:featuredmedia":[{"embeddable":true,"href":"https:\/\/vinasfm.com\/noticias\/wp-json\/wp\/v2\/media\/131311"}],"wp:attachment":[{"href":"https:\/\/vinasfm.com\/noticias\/wp-json\/wp\/v2\/media?parent=131310"}],"wp:term":[{"taxonomy":"category","embeddable":true,"href":"https:\/\/vinasfm.com\/noticias\/wp-json\/wp\/v2\/categories?post=131310"},{"taxonomy":"post_tag","embeddable":true,"href":"https:\/\/vinasfm.com\/noticias\/wp-json\/wp\/v2\/tags?post=131310"}],"curies":[{"name":"wp","href":"https:\/\/api.w.org\/{rel}","templated":true}]}}