{"id":131283,"date":"2024-01-05T08:44:25","date_gmt":"2024-01-05T11:44:25","guid":{"rendered":"https:\/\/vinasfm.com\/noticias\/?p=131283"},"modified":"2024-01-05T11:49:46","modified_gmt":"2024-01-05T14:49:46","slug":"preocupan-los-casos-de-encefalomielitis-equina","status":"publish","type":"post","link":"https:\/\/vinasfm.com\/noticias\/preocupan-los-casos-de-encefalomielitis-equina\/","title":{"rendered":"PREOCUPAN LOS CASOS DE ENCEFALOMIELITIS EQUINA"},"content":{"rendered":"<p><span style=\"color: #000000;\"><strong>Luego de 36 a\u00f1os, El Senasa inform\u00f3 este jueves un brote de la enfermedad viral transmitida por mosquitos en la provincia.<\/strong><\/span><\/p>\n<p><span style=\"color: #000000;\">Durante la jornada del jueves, el Servicio Nacional de Sanidad y Calidad Agroalimentaria, inform\u00f3 que se detect\u00f3 el primer brote de Encefalomielitis Equina en Mendoza. El caso fue detectado en la localidad de La Dormida, Santa Rosa.<\/span><\/p>\n<p><span style=\"color: #000000;\">El m\u00e9dico veterinario <span style=\"color: #333399;\"><strong>Lisandro Di Paolo<\/strong><\/span>, se\u00f1al\u00f3 en los micr\u00f3fonos de <strong><span style=\"color: #800080;\">FM VI\u00d1AS<\/span><\/strong> que, <strong><em>\u201cdesde hace algunos meses comenzaron a detectarse casos con sintomatolog\u00eda en C\u00f3rdoba, Santa Fe y Buenos Aires. Mendoza no est\u00e1 ajena a la situaci\u00f3n ya que se detect\u00f3 un caso en Santa Rosa\u201d.<\/em><\/strong> Tambi\u00e9n destac\u00f3 que<strong><em> \u201cpara el Senasa, ahora somos una provincia positiva en Encefalomielitis Equina\u201d.<\/em><\/strong><\/span><\/p>\n<p><span style=\"color: #000000;\">Para enfrentar esta situaci\u00f3n, fue prohibido el transporte de animales desde Mendoza a provincias que no hayan tenidos casos positivos, pero s\u00ed se pueden mover equinos entre provincias positivas. Di Paolo se\u00f1al\u00f3 <strong><em>que \u201cdesde el 1\u00b0 de febrero ser\u00e1 obligatorio que los equinos cuenten con la vacuna colocada de Encefalomielitis Equina para salir de Mendoza\u201d. <\/em><\/strong><\/span><\/p>\n<p><span style=\"color: #000000;\">Contabilizando Mendoza, ya son 14 las provincias donde se registraron brotes de la enfermedad. Las otras 13 son: Buenos Aires, Catamarca, Chaco, Corrientes, C\u00f3rdoba, Santa Fe, La Pampa, Entre R\u00edos, Formosa, Santiago del Estero, R\u00edo Negro, Salta, y La Rioja.<\/span><\/p>\n","protected":false},"excerpt":{"rendered":"<p>Luego de 36 a\u00f1os, El Senasa inform\u00f3 este jueves un brote de la enfermedad viral transmitida por mosquitos en la provincia. &#8230;<\/p>\n","protected":false},"author":7,"featured_media":131284,"comment_status":"open","ping_status":"open","sticky":false,"template":"","format":"standard","meta":{"footnotes":""},"categories":[5,14],"tags":[],"class_list":["post-131283","post","type-post","status-publish","format-standard","has-post-thumbnail","hentry","category-actualidad","category-agro"],"_links":{"self":[{"href":"https:\/\/vinasfm.com\/noticias\/wp-json\/wp\/v2\/posts\/131283","targetHints":{"allow":["GET"]}}],"collection":[{"href":"https:\/\/vinasfm.com\/noticias\/wp-json\/wp\/v2\/posts"}],"about":[{"href":"https:\/\/vinasfm.com\/noticias\/wp-json\/wp\/v2\/types\/post"}],"author":[{"embeddable":true,"href":"https:\/\/vinasfm.com\/noticias\/wp-json\/wp\/v2\/users\/7"}],"replies":[{"embeddable":true,"href":"https:\/\/vinasfm.com\/noticias\/wp-json\/wp\/v2\/comments?post=131283"}],"version-history":[{"count":1,"href":"https:\/\/vinasfm.com\/noticias\/wp-json\/wp\/v2\/posts\/131283\/revisions"}],"predecessor-version":[{"id":131285,"href":"https:\/\/vinasfm.com\/noticias\/wp-json\/wp\/v2\/posts\/131283\/revisions\/131285"}],"wp:featuredmedia":[{"embeddable":true,"href":"https:\/\/vinasfm.com\/noticias\/wp-json\/wp\/v2\/media\/131284"}],"wp:attachment":[{"href":"https:\/\/vinasfm.com\/noticias\/wp-json\/wp\/v2\/media?parent=131283"}],"wp:term":[{"taxonomy":"category","embeddable":true,"href":"https:\/\/vinasfm.com\/noticias\/wp-json\/wp\/v2\/categories?post=131283"},{"taxonomy":"post_tag","embeddable":true,"href":"https:\/\/vinasfm.com\/noticias\/wp-json\/wp\/v2\/tags?post=131283"}],"curies":[{"name":"wp","href":"https:\/\/api.w.org\/{rel}","templated":true}]}}