{"id":131254,"date":"2024-01-04T10:54:31","date_gmt":"2024-01-04T13:54:31","guid":{"rendered":"https:\/\/vinasfm.com\/noticias\/?p=131254"},"modified":"2024-01-05T09:36:08","modified_gmt":"2024-01-05T12:36:08","slug":"que-dejo-el-primer-granizo-del-ano-en-mendoza","status":"publish","type":"post","link":"https:\/\/vinasfm.com\/noticias\/que-dejo-el-primer-granizo-del-ano-en-mendoza\/","title":{"rendered":"QU\u00c9 DEJ\u00d3 EL PRIMER GRANIZO DEL A\u00d1O EN MENDOZA"},"content":{"rendered":"<h4 class=\"news-headline__article-summary\">Adem\u00e1s del Sur y el Este de la provincia, hubo tormentas de granizo en zonas cultivadas del Valle de Uco. Cu\u00e1les fueron las localidades m\u00e1s afectadas.<\/h4>\n<p><a href=\"https:\/\/vinasfm.com\/noticias\/wp-content\/uploads\/2024\/01\/granizo-tunuy.webp\"><img loading=\"lazy\" decoding=\"async\" class=\" wp-image-131256 aligncenter\" src=\"https:\/\/vinasfm.com\/noticias\/wp-content\/uploads\/2024\/01\/granizo-tunuy-174x300.webp\" alt=\"\" width=\"212\" height=\"366\" srcset=\"https:\/\/vinasfm.com\/noticias\/wp-content\/uploads\/2024\/01\/granizo-tunuy-174x300.webp 174w, https:\/\/vinasfm.com\/noticias\/wp-content\/uploads\/2024\/01\/granizo-tunuy-593x1024.webp 593w, https:\/\/vinasfm.com\/noticias\/wp-content\/uploads\/2024\/01\/granizo-tunuy-768x1326.webp 768w, https:\/\/vinasfm.com\/noticias\/wp-content\/uploads\/2024\/01\/granizo-tunuy.webp 790w\" sizes=\"auto, (max-width: 212px) 100vw, 212px\" \/><\/a><\/p>\n<article class=\"article-body article-body--first-paragraph\" data-td-script-src=\"https:\/\/www.sitioandino.com.ar\/td\/modulos\/encuestas\/js\/function-embeds-min-version-1704254980.js\">Distintas zonas productivas sufrieron el rigor del\u00a0<strong><a href=\"https:\/\/www.sitioandino.com.ar\/granizo-a12270\" target=\"_blank\" rel=\"follow noopener\">granizo<\/a><\/strong>\u00a0en la noche de este mi\u00e9rcoles en\u00a0<strong>Mendoza<\/strong>. Y pese a activarse el sistema de combate a\u00e9reo con siembra de nubes, no evit\u00f3 da\u00f1os en varios distritos del Valle de Uco.<\/article>\n<article class=\"article-body article-body--second-paragraph\">Uno de los departamentos castigados fue\u00a0<strong>Tunuy\u00e1n<\/strong>, con precipitaciones en ciudad y hacia el este. El meteoro se hizo sentir en\u00a0Vista Flores, Los Sauces Colonia Las Rosas y El Totoral.<\/p>\n<article class=\"article-body article-body--second-paragraph\">De acuerdo al reporte de la\u00a0<strong><a href=\"https:\/\/www.mendoza.gov.ar\/contingencias\/\" target=\"_self\" rel=\"follow noopener\">Direcci\u00f3n de Contingencias Clim\u00e1ticas de Mendoza<\/a><\/strong> se trat\u00f3 de \u00ablluvia torrencial con granizo en zonas cultivadas\u00bb.<\/article>\n<article class=\"article-body article-body--second-paragraph\">Para combatir el fen\u00f3meno, los\u00a0<strong>generadores tierra-aire de ioduro<\/strong>\u00a0de plata instalados cerca de zonas de monta\u00f1a donde los aviones no pueden volar, funcionaron\u00a0<strong>durante m\u00e1s de 4 horas y media<\/strong>.Al mismo tiempo, las celdas graniceras fueron extendi\u00e9ndose a\u00a0<strong>San Carlos<\/strong>, donde afect\u00f3 particularmente a tres distritos:\u00a0Villa San Carlos, Pareditas y Chilecito.<\/p>\n<h2>Tambi\u00e9n en el este y el sur<\/h2>\n<p>Por otra parte, en la v\u00edspera tambi\u00e9n hubo vuelos para combatir el fen\u00f3meno en otras zonas cultivadas de Mendoza.<\/p>\n<p>Concretamente, fueron 9 en total. Los aviones realizaron 4 entre zona Este y el oasis norte.<\/p>\n<p>El parte oficial indica que all\u00ed se registr\u00f3\u00a0<strong>lluvia \u00abmoderada a intensa\u00bb\u00a0<\/strong>sobre cultivos en\u00a0La Dormida (Santa Rosa), adem\u00e1s de varios distritos de\u00a0Rivadavia (El Mirador, El Central y Los Campamentos).<\/p>\n<p>Adem\u00e1s, tambi\u00e9n la tormenta afect\u00f3 a la villa cabecera de\u00a0<strong>La Paz<\/strong>\u00a0y las localidades Villa Antigua y Villa Nueva.<\/p>\n<p>En tanto, otros 5 se centraron en el Sur provincial, esto es, entre\u00a0<strong>San Rafael\u00a0<\/strong>(Jaime Prats) y\u00a0<strong>General Alvear<\/strong>.<\/p>\n<p><strong>No desaparece el riesgo de m\u00e1s tormentas de granizo en Mendoza<\/strong>. De hecho, es parte del pron\u00f3stico meteorol\u00f3gico para la jornada de este jueves.<\/p>\n<\/article>\n<\/article>\n","protected":false},"excerpt":{"rendered":"<p>Adem\u00e1s del Sur y el Este de la provincia, hubo tormentas de granizo en zonas cultivadas del Valle de Uco. Cu\u00e1les &#8230;<\/p>\n","protected":false},"author":7,"featured_media":131255,"comment_status":"open","ping_status":"open","sticky":false,"template":"","format":"standard","meta":{"footnotes":""},"categories":[5,17],"tags":[],"class_list":["post-131254","post","type-post","status-publish","format-standard","has-post-thumbnail","hentry","category-actualidad","category-clima"],"_links":{"self":[{"href":"https:\/\/vinasfm.com\/noticias\/wp-json\/wp\/v2\/posts\/131254","targetHints":{"allow":["GET"]}}],"collection":[{"href":"https:\/\/vinasfm.com\/noticias\/wp-json\/wp\/v2\/posts"}],"about":[{"href":"https:\/\/vinasfm.com\/noticias\/wp-json\/wp\/v2\/types\/post"}],"author":[{"embeddable":true,"href":"https:\/\/vinasfm.com\/noticias\/wp-json\/wp\/v2\/users\/7"}],"replies":[{"embeddable":true,"href":"https:\/\/vinasfm.com\/noticias\/wp-json\/wp\/v2\/comments?post=131254"}],"version-history":[{"count":3,"href":"https:\/\/vinasfm.com\/noticias\/wp-json\/wp\/v2\/posts\/131254\/revisions"}],"predecessor-version":[{"id":131295,"href":"https:\/\/vinasfm.com\/noticias\/wp-json\/wp\/v2\/posts\/131254\/revisions\/131295"}],"wp:featuredmedia":[{"embeddable":true,"href":"https:\/\/vinasfm.com\/noticias\/wp-json\/wp\/v2\/media\/131255"}],"wp:attachment":[{"href":"https:\/\/vinasfm.com\/noticias\/wp-json\/wp\/v2\/media?parent=131254"}],"wp:term":[{"taxonomy":"category","embeddable":true,"href":"https:\/\/vinasfm.com\/noticias\/wp-json\/wp\/v2\/categories?post=131254"},{"taxonomy":"post_tag","embeddable":true,"href":"https:\/\/vinasfm.com\/noticias\/wp-json\/wp\/v2\/tags?post=131254"}],"curies":[{"name":"wp","href":"https:\/\/api.w.org\/{rel}","templated":true}]}}