{"id":131241,"date":"2024-01-04T09:30:36","date_gmt":"2024-01-04T12:30:36","guid":{"rendered":"https:\/\/vinasfm.com\/noticias\/?p=131241"},"modified":"2024-01-05T10:31:24","modified_gmt":"2024-01-05T13:31:24","slug":"federico-chiapetta-continuara-como-subsecretario-de-deportes","status":"publish","type":"post","link":"https:\/\/vinasfm.com\/noticias\/federico-chiapetta-continuara-como-subsecretario-de-deportes\/","title":{"rendered":"FEDERICO CHIAPETTA CONTINUAR\u00c1 COMO SUBSECRETARIO DE DEPORTES"},"content":{"rendered":"<p><span style=\"color: #000000;\"><strong>De esa manera, podr\u00eda completar una gesti\u00f3n al frente de Deportes de 12 a\u00f1os.<\/strong><\/span><\/p>\n<p><span style=\"color: #000000;\">Asumi\u00f3 el cargo en diciembre del 2015, complet\u00f3 la primera gobernaci\u00f3n de Alfredo Cornejo y continu\u00f3 bajo el mando de Rodolfo Su\u00e1rez. Ahora, una vez m\u00e1s acompa\u00f1ando a Cornejo, analiz\u00f3 el ajuste anunciado por el Sr. Gobernador: <em><strong>\u00abno sabemos muy bien el impacto que tendr\u00e1 en el deporte. Es verdad que la Provincia no tiene problemas porque est\u00e1 bien preparada, pero es necesario prepararse para el peor de los escenarios\u00bb.<\/strong><\/em><\/span><\/p>\n<p><span style=\"color: #000000;\">Posterior a la asunci\u00f3n de Cornejo, Chipetta confirm\u00f3 que <em><strong>\u00abse est\u00e1 evaluando no realizar eventos internacionales. Todav\u00eda no es el momento de tomar una decisi\u00f3n de estas caracter\u00edsticas, pero es importante entender que podr\u00eda ocurrir\u00bb.<\/strong> <\/em>Adem\u00e1s, el Subsecretario de Deportes se\u00f1al\u00f3 que <em><strong>\u00abtambi\u00e9n se eval\u00faan los eventos que se dar\u00e1n a corto plazo\u00bb.<\/strong><\/em><\/span><\/p>\n<p><span style=\"color: #000000;\">En cuanto a las prioridades del \u00e1rea de Deportes de la Provincia, sostuvo que <strong><em>\u00absiempre se busca que el Estado contin\u00fae generando oportunidades para las personas de bajos recursos, es por eso que se trabaja fuertemente con el deporte social y los barrios m\u00e1s vulnerables. Tambi\u00e9n es muy importante continuar apoyando y conteniendo a deportistas que ya cuentan con alguna trayectoria, porque ellos tambi\u00e9n se ven afectados por est\u00e1s situaciones\u00bb.<\/em><\/strong><\/span><\/p>\n","protected":false},"excerpt":{"rendered":"<p>De esa manera, podr\u00eda completar una gesti\u00f3n al frente de Deportes de 12 a\u00f1os. Asumi\u00f3 el cargo en diciembre del 2015, &#8230;<\/p>\n","protected":false},"author":7,"featured_media":131242,"comment_status":"open","ping_status":"open","sticky":false,"template":"","format":"standard","meta":{"footnotes":""},"categories":[5,3],"tags":[],"class_list":["post-131241","post","type-post","status-publish","format-standard","has-post-thumbnail","hentry","category-actualidad","category-deportes"],"_links":{"self":[{"href":"https:\/\/vinasfm.com\/noticias\/wp-json\/wp\/v2\/posts\/131241","targetHints":{"allow":["GET"]}}],"collection":[{"href":"https:\/\/vinasfm.com\/noticias\/wp-json\/wp\/v2\/posts"}],"about":[{"href":"https:\/\/vinasfm.com\/noticias\/wp-json\/wp\/v2\/types\/post"}],"author":[{"embeddable":true,"href":"https:\/\/vinasfm.com\/noticias\/wp-json\/wp\/v2\/users\/7"}],"replies":[{"embeddable":true,"href":"https:\/\/vinasfm.com\/noticias\/wp-json\/wp\/v2\/comments?post=131241"}],"version-history":[{"count":1,"href":"https:\/\/vinasfm.com\/noticias\/wp-json\/wp\/v2\/posts\/131241\/revisions"}],"predecessor-version":[{"id":131243,"href":"https:\/\/vinasfm.com\/noticias\/wp-json\/wp\/v2\/posts\/131241\/revisions\/131243"}],"wp:featuredmedia":[{"embeddable":true,"href":"https:\/\/vinasfm.com\/noticias\/wp-json\/wp\/v2\/media\/131242"}],"wp:attachment":[{"href":"https:\/\/vinasfm.com\/noticias\/wp-json\/wp\/v2\/media?parent=131241"}],"wp:term":[{"taxonomy":"category","embeddable":true,"href":"https:\/\/vinasfm.com\/noticias\/wp-json\/wp\/v2\/categories?post=131241"},{"taxonomy":"post_tag","embeddable":true,"href":"https:\/\/vinasfm.com\/noticias\/wp-json\/wp\/v2\/tags?post=131241"}],"curies":[{"name":"wp","href":"https:\/\/api.w.org\/{rel}","templated":true}]}}