{"id":131239,"date":"2024-01-04T08:54:30","date_gmt":"2024-01-04T11:54:30","guid":{"rendered":"https:\/\/vinasfm.com\/noticias\/?p=131239"},"modified":"2024-01-05T08:20:58","modified_gmt":"2024-01-05T11:20:58","slug":"cuanto-ganaran-las-personas-que-trabajen-en-la-cosecha-en-enero-y-febrero","status":"publish","type":"post","link":"https:\/\/vinasfm.com\/noticias\/cuanto-ganaran-las-personas-que-trabajen-en-la-cosecha-en-enero-y-febrero\/","title":{"rendered":"CU\u00c1NTO GANAR\u00c1N LAS PERSONAS QUE TRABAJEN EN LA COSECHA EN ENERO Y FEBRERO"},"content":{"rendered":"<h4 class=\"description-boxed\"><strong>La resoluci\u00f3n publicada en diciembre de 2023 establece subas para enero y febrero. Conoc\u00e9 el detalle.<\/strong><\/h4>\n<p>La Resoluci\u00f3n publicada en el<b>\u00a0Bolet\u00edn Oficial\u00a0<\/b>de la Rep\u00fablica Argentina establece las remuneraciones m\u00ednimas para el personal que realiza tareas de\u00a0<b>cosecha de uva de mesa en las provincias de Mendoza y San Juan<\/b>.<\/p>\n<p>Estas remuneraciones tienen vigencia desde el 1\u00b0 de diciembre de 2023 hasta el 30 de noviembre de 2024. En tanto que persistir\u00e1n m\u00e1s all\u00e1 del plazo establecido<b>\u00a0hasta que sean reemplazadas por una nueva Resoluci\u00f3n<\/b>.<\/p>\n<p>Seg\u00fan se estableci\u00f3, las remuneraciones m\u00ednimas para el personal ocupado en tareas de<b>\u00a0cosecha de uva de mesa<\/b>\u00a0en el \u00e1mbito de las provincias de\u00a0<b>Mendoza y San Juan ser\u00e1n de $15.071,50 para quienes trabajen entre el 1 de enero y el 31 del mismo mes<\/b>.<\/p>\n<p>Para el mes de febrero, en tanto, se estableci\u00f3 un aumento en las remuneraciones m\u00ednimas y el m\u00ednimo ser\u00e1 de $17.181,51 por jornada trabajada en el \u00e1mbito de la cosecha de uva de mesa.<\/p>\n<div class=\"zone zone_interp\">\n<aside class=\"piece banner standard\">\n<aside id=\"adbanner\" class=\"adbanner\" data-type=\"dfp\">\n<div id=\"entreparrafos2\" data-dfp-banner-display=\"1\" data-dfp-path=\"\/22966415484\/entreparrafos2\" data-dfp-type=\"entreparrafos\" data-dfp-id=\"entreparrafos2\" data-google-query-id=\"CKWG9snVw4MDFbOklQIdlvwDcQ\">\n<div id=\"google_ads_iframe_\/22966415484\/entreparrafos2_0__container__\">\n<p>Adem\u00e1s, cabe recordar que la Resoluci\u00f3n establece que los empleadores actuar\u00e1n como agentes de retenci\u00f3n de una cuota de solidaridad del 2% mensual sobre las remuneraciones de los trabajadores afectados, la cual debe ser depositada antes del d\u00eda 15 de cada mes en una cuenta especial de la U.A.T.R.E. (Uni\u00f3n Argentina de Trabajadores Rurales y Estibadores) en el Banco de la Naci\u00f3n Argentina.<\/p>\n<p>Los afiliados a la asociaci\u00f3n sindical mencionada quedan exentos de pagar esta cuota, y la retenci\u00f3n se mantiene durante la vigencia de la Resoluci\u00f3n. La Comisi\u00f3n Nacional de Trabajo Agrario se comprometi\u00f3 a reunirse para analizar posibles ajustes a las escalas salariales seg\u00fan las variaciones econ\u00f3micas ocurridas desde la entrada en vigencia de la Resoluci\u00f3n.<\/p>\n<\/div>\n<\/div>\n<\/aside>\n<\/aside>\n<\/div>\n<p>Cabe destacar que los salarios mencionados<b>\u00a0no incluyen la parte proporcional correspondiente al sueldo anual complementario (SAC)<\/b>. Tambi\u00e9n se establece que se debe abonar un 10% de indemnizaci\u00f3n sustitutiva por vacaciones, de acuerdo con la Ley N\u00b0 26.727.<\/p>\n<p>&nbsp;<\/p>\n","protected":false},"excerpt":{"rendered":"<p>La resoluci\u00f3n publicada en diciembre de 2023 establece subas para enero y febrero. Conoc\u00e9 el detalle. La Resoluci\u00f3n publicada en el\u00a0Bolet\u00edn &#8230;<\/p>\n","protected":false},"author":7,"featured_media":129957,"comment_status":"open","ping_status":"open","sticky":false,"template":"","format":"standard","meta":{"footnotes":""},"categories":[5,14],"tags":[],"class_list":["post-131239","post","type-post","status-publish","format-standard","has-post-thumbnail","hentry","category-actualidad","category-agro"],"_links":{"self":[{"href":"https:\/\/vinasfm.com\/noticias\/wp-json\/wp\/v2\/posts\/131239","targetHints":{"allow":["GET"]}}],"collection":[{"href":"https:\/\/vinasfm.com\/noticias\/wp-json\/wp\/v2\/posts"}],"about":[{"href":"https:\/\/vinasfm.com\/noticias\/wp-json\/wp\/v2\/types\/post"}],"author":[{"embeddable":true,"href":"https:\/\/vinasfm.com\/noticias\/wp-json\/wp\/v2\/users\/7"}],"replies":[{"embeddable":true,"href":"https:\/\/vinasfm.com\/noticias\/wp-json\/wp\/v2\/comments?post=131239"}],"version-history":[{"count":1,"href":"https:\/\/vinasfm.com\/noticias\/wp-json\/wp\/v2\/posts\/131239\/revisions"}],"predecessor-version":[{"id":131240,"href":"https:\/\/vinasfm.com\/noticias\/wp-json\/wp\/v2\/posts\/131239\/revisions\/131240"}],"wp:featuredmedia":[{"embeddable":true,"href":"https:\/\/vinasfm.com\/noticias\/wp-json\/wp\/v2\/media\/129957"}],"wp:attachment":[{"href":"https:\/\/vinasfm.com\/noticias\/wp-json\/wp\/v2\/media?parent=131239"}],"wp:term":[{"taxonomy":"category","embeddable":true,"href":"https:\/\/vinasfm.com\/noticias\/wp-json\/wp\/v2\/categories?post=131239"},{"taxonomy":"post_tag","embeddable":true,"href":"https:\/\/vinasfm.com\/noticias\/wp-json\/wp\/v2\/tags?post=131239"}],"curies":[{"name":"wp","href":"https:\/\/api.w.org\/{rel}","templated":true}]}}