{"id":131235,"date":"2024-01-04T08:21:07","date_gmt":"2024-01-04T11:21:07","guid":{"rendered":"https:\/\/vinasfm.com\/noticias\/?p=131235"},"modified":"2024-01-05T08:21:26","modified_gmt":"2024-01-05T11:21:26","slug":"fuerte-temblor-se-sintio-durante-la-madrugada-en-mendoza","status":"publish","type":"post","link":"https:\/\/vinasfm.com\/noticias\/fuerte-temblor-se-sintio-durante-la-madrugada-en-mendoza\/","title":{"rendered":"FUERTE TEMBLOR SE SINTI\u00d3 DURANTE LA MADRUGADA DEL JUEVES EN MENDOZA"},"content":{"rendered":"<p><span style=\"color: #000000;\"><strong>Un corto, pero intenso temblor se sinti\u00f3 este jueves a las dos y media de la madrugada en diferentes puntos de Mendoza.<\/strong><\/span><\/p>\n<p><span style=\"color: #000000;\">En movimiento s\u00edsmico fue percibido sobre todo en aquellos que viven en propiedades en altura.<\/span><\/p>\n<p><span style=\"color: #000000;\">De acuerdo con los datos del Instituto Nacional de Prevenci\u00f3n S\u00edsmica, el epicentro fue en nuestra provincia, 24 kil\u00f3metros al Este de la Ciudad.<\/span><\/p>\n<aside class=\"scaip scaip-1 \"><\/aside>\n<p><span style=\"color: #000000;\">Tuvo una magnitud de 4,1 grados en la escala de Richter y una profundidad de 10 kil\u00f3metros.<\/span><\/p>\n","protected":false},"excerpt":{"rendered":"<p>Un corto, pero intenso temblor se sinti\u00f3 este jueves a las dos y media de la madrugada en diferentes puntos de &#8230;<\/p>\n","protected":false},"author":7,"featured_media":131236,"comment_status":"open","ping_status":"open","sticky":false,"template":"","format":"standard","meta":{"footnotes":""},"categories":[5,10],"tags":[],"class_list":["post-131235","post","type-post","status-publish","format-standard","has-post-thumbnail","hentry","category-actualidad","category-destacadas"],"_links":{"self":[{"href":"https:\/\/vinasfm.com\/noticias\/wp-json\/wp\/v2\/posts\/131235","targetHints":{"allow":["GET"]}}],"collection":[{"href":"https:\/\/vinasfm.com\/noticias\/wp-json\/wp\/v2\/posts"}],"about":[{"href":"https:\/\/vinasfm.com\/noticias\/wp-json\/wp\/v2\/types\/post"}],"author":[{"embeddable":true,"href":"https:\/\/vinasfm.com\/noticias\/wp-json\/wp\/v2\/users\/7"}],"replies":[{"embeddable":true,"href":"https:\/\/vinasfm.com\/noticias\/wp-json\/wp\/v2\/comments?post=131235"}],"version-history":[{"count":2,"href":"https:\/\/vinasfm.com\/noticias\/wp-json\/wp\/v2\/posts\/131235\/revisions"}],"predecessor-version":[{"id":131282,"href":"https:\/\/vinasfm.com\/noticias\/wp-json\/wp\/v2\/posts\/131235\/revisions\/131282"}],"wp:featuredmedia":[{"embeddable":true,"href":"https:\/\/vinasfm.com\/noticias\/wp-json\/wp\/v2\/media\/131236"}],"wp:attachment":[{"href":"https:\/\/vinasfm.com\/noticias\/wp-json\/wp\/v2\/media?parent=131235"}],"wp:term":[{"taxonomy":"category","embeddable":true,"href":"https:\/\/vinasfm.com\/noticias\/wp-json\/wp\/v2\/categories?post=131235"},{"taxonomy":"post_tag","embeddable":true,"href":"https:\/\/vinasfm.com\/noticias\/wp-json\/wp\/v2\/tags?post=131235"}],"curies":[{"name":"wp","href":"https:\/\/api.w.org\/{rel}","templated":true}]}}