{"id":131228,"date":"2024-01-03T18:41:01","date_gmt":"2024-01-03T21:41:01","guid":{"rendered":"https:\/\/vinasfm.com\/noticias\/?p=131228"},"modified":"2024-01-04T10:54:28","modified_gmt":"2024-01-04T13:54:28","slug":"el-intendente-te-escucha-molero-brindo-atencion-a-los-vecinos-de-carmensa","status":"publish","type":"post","link":"https:\/\/vinasfm.com\/noticias\/el-intendente-te-escucha-molero-brindo-atencion-a-los-vecinos-de-carmensa\/","title":{"rendered":"EL INTENDENTE TE ESCUCHA: MOLERO BRIND\u00d3 ATENCI\u00d3N A LOS VECINOS DE CARMENSA"},"content":{"rendered":"<p><strong>\u201cLlegamos a las 6:30h y ya hab\u00eda gente esperando\u201d, asever\u00f3 Alejandro Molero.<\/strong><\/p>\n<p>Luego de escuchar a los vecinos de Ciudad y de Bowen, el jefe comunal estuvo en San Pedro del Atuel.<\/p>\n<p>Se trata de una iniciativa que tiene una respuesta de los vecinos, les gusta acercarse y hablar con su intendente, confirm\u00f3 Molero y a\u00f1adi\u00f3: <strong><em>\u201csi vienen, en su mayor\u00eda, es porque tienen una problem\u00e1tica, una necesidad, igualmente, disfrutan la posibilidad de que, en su lugar, en su Distrito, en su pueblo, los atienda. En esta oportunidad, nos llevamos demandas, inquietudes, sugerencias y, sobre todo, an\u00e9cdotas. Me voy feliz porque lo hago con gusto\u201d.<\/em><\/strong><\/p>\n<p>El mandatario hizo un balance luego de haber conversado con 40 vecinos aproximadamente, donde<strong><em> \u201cel denominador com\u00fan es la falta de trabajo, que atraviesa no solo a los distritos y a General Alvear, sino a toda la Argentina, por la crisis macroecon\u00f3mica que tenemos. Tambi\u00e9n, se presentaron particularidades del lugar, la idiosincrasia y morfolog\u00eda del pueblo que dista de Bowen y de Ciudad, por ejemplo, que pidan erradicar las vizcachas del cementerio, algo que no pasa en otros lados. Cada vecino pelea por mejorar su pueblo, que est\u00e9 mejor iluminado, nuevas cuadras de asfalto, mejorar la limpieza en las acequias y riego\u201d.<\/em><\/strong><\/p>\n<p>Un vecino, Walter, manifest\u00f3: <em><strong>\u201ces muy lindo venir y poder plantear alg\u00fan problema que te surge, es muy bueno tener la posibilidad de hablar con el Intendente, ojal\u00e1 que siga as\u00ed, visitando cada distrito. Particularmente, vine a averiguar si hay alguna l\u00ednea de cr\u00e9dito para mejorar mi emprendimiento familiar, para lo cual debo buscar asesoramiento\u201d.<\/strong><\/em><\/p>\n","protected":false},"excerpt":{"rendered":"<p>\u201cLlegamos a las 6:30h y ya hab\u00eda gente esperando\u201d, asever\u00f3 Alejandro Molero. Luego de escuchar a los vecinos de Ciudad y &#8230;<\/p>\n","protected":false},"author":7,"featured_media":131229,"comment_status":"open","ping_status":"open","sticky":false,"template":"","format":"standard","meta":{"footnotes":""},"categories":[5,10],"tags":[],"class_list":["post-131228","post","type-post","status-publish","format-standard","has-post-thumbnail","hentry","category-actualidad","category-destacadas"],"_links":{"self":[{"href":"https:\/\/vinasfm.com\/noticias\/wp-json\/wp\/v2\/posts\/131228","targetHints":{"allow":["GET"]}}],"collection":[{"href":"https:\/\/vinasfm.com\/noticias\/wp-json\/wp\/v2\/posts"}],"about":[{"href":"https:\/\/vinasfm.com\/noticias\/wp-json\/wp\/v2\/types\/post"}],"author":[{"embeddable":true,"href":"https:\/\/vinasfm.com\/noticias\/wp-json\/wp\/v2\/users\/7"}],"replies":[{"embeddable":true,"href":"https:\/\/vinasfm.com\/noticias\/wp-json\/wp\/v2\/comments?post=131228"}],"version-history":[{"count":1,"href":"https:\/\/vinasfm.com\/noticias\/wp-json\/wp\/v2\/posts\/131228\/revisions"}],"predecessor-version":[{"id":131230,"href":"https:\/\/vinasfm.com\/noticias\/wp-json\/wp\/v2\/posts\/131228\/revisions\/131230"}],"wp:featuredmedia":[{"embeddable":true,"href":"https:\/\/vinasfm.com\/noticias\/wp-json\/wp\/v2\/media\/131229"}],"wp:attachment":[{"href":"https:\/\/vinasfm.com\/noticias\/wp-json\/wp\/v2\/media?parent=131228"}],"wp:term":[{"taxonomy":"category","embeddable":true,"href":"https:\/\/vinasfm.com\/noticias\/wp-json\/wp\/v2\/categories?post=131228"},{"taxonomy":"post_tag","embeddable":true,"href":"https:\/\/vinasfm.com\/noticias\/wp-json\/wp\/v2\/tags?post=131228"}],"curies":[{"name":"wp","href":"https:\/\/api.w.org\/{rel}","templated":true}]}}