{"id":131143,"date":"2023-12-30T10:53:11","date_gmt":"2023-12-30T13:53:11","guid":{"rendered":"https:\/\/vinasfm.com\/noticias\/?p=131143"},"modified":"2024-01-02T11:18:50","modified_gmt":"2024-01-02T14:18:50","slug":"el-secretario-de-gobierno-le-respondio-al-ex-intendente-y-sostuvo-que-la-deuda-es-por-operatividad-de-la-municipalidad","status":"publish","type":"post","link":"https:\/\/vinasfm.com\/noticias\/el-secretario-de-gobierno-le-respondio-al-ex-intendente-y-sostuvo-que-la-deuda-es-por-operatividad-de-la-municipalidad\/","title":{"rendered":"EL SECRETARIO DE GOBIERNO LE RESPONDI\u00d3 AL EX INTENDENTE Y SOSTUVO QUE LA DEUDA ES POR OPERATIVIDAD DEL MUNICIPIO"},"content":{"rendered":"<h4>El secretario de gobierno, Fabio Gomez Parra,\u00a0 destaco que la tensa situaci\u00f3n entre ambas gestiones no se trata de cr\u00edticas pol\u00edticas.<\/h4>\n<p>En primer lugar habl\u00f3 sobre los acuerdos que propusieron para su campa\u00f1a durante esta gesti\u00f3n:<em><strong> &#8216;Lo que hemos acordado en campa\u00f1a es hablar de la situaci\u00f3n de la Municipalidad en el momento que la tomamos, esa situaci\u00f3n fue la que se dio hace unos d\u00edas&#8217;<\/strong><\/em><\/p>\n<p><em><strong>&#8216;Cuando tomamos esta gesti\u00f3n se hizo una acordada con la anterior la cual va de la manos de los intendentes. Esa acordada en la parte econ\u00f3mica en la cual hab\u00edan m\u00e1s o menos 130 millones en la municipalidad, este dinero era con el que contaba la municipalidad para hacerle frente a todas las responsabilidades de la municipalidad&#8217;<\/strong><\/em><\/p>\n<p>Respecto al dinero agreg\u00f3 lo siguiente: &#8216;<em><strong>Estos 130 millones fueron utilizados por la anterior gesti\u00f3n para pagar los aguinaldos cosa que nos parece extra\u00f1o porque en ning\u00fan momento se puso en duda que se iban a pagar los aguinaldos, esto fue un rumor que se corri\u00f3 en Naci\u00f3n, si tuvimos siempre claro la idea de Molero que es poner en valor el trabajo de los empleados municipales&#8217;<\/strong><\/em><\/p>\n<p>Asimismo cuando hablo de la deuda sostuvo: <em><strong>&#8216;Esta deuda es de la operatividad en la municipalidad, puede ser de pintura, combustible, cubiertas, siempre pagas deuda pasada, es normal pero la deuda no era existente en el momento&#8217;<\/strong><\/em><\/p>\n","protected":false},"excerpt":{"rendered":"<p>El secretario de gobierno, Fabio Gomez Parra,\u00a0 destaco que la tensa situaci\u00f3n entre ambas gestiones no se trata de cr\u00edticas pol\u00edticas. &#8230;<\/p>\n","protected":false},"author":7,"featured_media":131159,"comment_status":"open","ping_status":"open","sticky":false,"template":"","format":"standard","meta":{"footnotes":""},"categories":[5,10],"tags":[],"class_list":["post-131143","post","type-post","status-publish","format-standard","has-post-thumbnail","hentry","category-actualidad","category-destacadas"],"_links":{"self":[{"href":"https:\/\/vinasfm.com\/noticias\/wp-json\/wp\/v2\/posts\/131143","targetHints":{"allow":["GET"]}}],"collection":[{"href":"https:\/\/vinasfm.com\/noticias\/wp-json\/wp\/v2\/posts"}],"about":[{"href":"https:\/\/vinasfm.com\/noticias\/wp-json\/wp\/v2\/types\/post"}],"author":[{"embeddable":true,"href":"https:\/\/vinasfm.com\/noticias\/wp-json\/wp\/v2\/users\/7"}],"replies":[{"embeddable":true,"href":"https:\/\/vinasfm.com\/noticias\/wp-json\/wp\/v2\/comments?post=131143"}],"version-history":[{"count":5,"href":"https:\/\/vinasfm.com\/noticias\/wp-json\/wp\/v2\/posts\/131143\/revisions"}],"predecessor-version":[{"id":131155,"href":"https:\/\/vinasfm.com\/noticias\/wp-json\/wp\/v2\/posts\/131143\/revisions\/131155"}],"wp:featuredmedia":[{"embeddable":true,"href":"https:\/\/vinasfm.com\/noticias\/wp-json\/wp\/v2\/media\/131159"}],"wp:attachment":[{"href":"https:\/\/vinasfm.com\/noticias\/wp-json\/wp\/v2\/media?parent=131143"}],"wp:term":[{"taxonomy":"category","embeddable":true,"href":"https:\/\/vinasfm.com\/noticias\/wp-json\/wp\/v2\/categories?post=131143"},{"taxonomy":"post_tag","embeddable":true,"href":"https:\/\/vinasfm.com\/noticias\/wp-json\/wp\/v2\/tags?post=131143"}],"curies":[{"name":"wp","href":"https:\/\/api.w.org\/{rel}","templated":true}]}}