{"id":131112,"date":"2023-12-29T11:53:01","date_gmt":"2023-12-29T14:53:01","guid":{"rendered":"https:\/\/vinasfm.com\/noticias\/?p=131112"},"modified":"2023-12-30T10:27:20","modified_gmt":"2023-12-30T13:27:20","slug":"vuelve-a-subir-la-consulta-medica-en-mendoza-cual-sera-el-nuevo-valor","status":"publish","type":"post","link":"https:\/\/vinasfm.com\/noticias\/vuelve-a-subir-la-consulta-medica-en-mendoza-cual-sera-el-nuevo-valor\/","title":{"rendered":"VUELVE A SUBIR LA CONSULTA M\u00c9DICA EN MENDOZA: CU\u00c1L SER\u00c1 EL NUEVO VALOR"},"content":{"rendered":"<h4><strong>Los m\u00e9dicos mendocinos indicaron en un comunicado que se prev\u00e9 un fuerte aumento en el valor de la consulta m\u00e9dica desde el 1 de enero de 2024.<\/strong><\/h4>\n<p>Tras haber publicado un comunicado oficial, los\u00a0<a href=\"https:\/\/www.mdzol.com\/temas\/medicos-6633.html\" target=\"_blank\" rel=\"noopener\"><strong>m\u00e9dicos\u00a0<\/strong><\/a>mendocinos que pertenecen a la\u00a0<strong>Federaci\u00f3n M\u00e9dica\u00a0<\/strong>de la provincia oficializaron que la\u00a0<a href=\"https:\/\/www.mdzol.com\/temas\/consulta-medica-9514.html\" target=\"_blank\" rel=\"noopener\"><strong>consulta m\u00e9dica\u00a0<\/strong><\/a>tendr\u00e1 una nueva actualizaci\u00f3n desde enero de 2024. En concreto, en diciembre hab\u00eda aumentado a $8.300 y desde el pr\u00f3ximo lunes se ir\u00e1 a los $10.000.<\/p>\n<p><em><strong>\u00abPor disposici\u00f3n de la Comisi\u00f3n Directiva de la Federaci\u00f3n M\u00e9dica de Mendoza, con el consenso y decisi\u00f3n de las Asociaciones M\u00e9dicas\/Sociedades Cient\u00edficas de Mendoza y en consonancia con diversos C\u00edrculos M\u00e9dicos de la provincia. Comunicamos que, a partir del 1 de enero de 2024, el valor \u00e9tico y digno m\u00ednimo establecido para la\u00a0consulta m\u00e9dica\u00a0ser\u00e1 de $ 10.000\u00bb<\/strong><\/em>, indicaron desde la Federaci\u00f3n M\u00e9dica de Mendoza.<\/p>\n<p><em><strong>\u00abLos honorarios m\u00ednimos m\u00e9dicos sugeridos para psiquiatr\u00eda APSIM\u00a0ser\u00e1n de $14.300 en consulta ambulatoria\u00bb<\/strong><\/em>, agregaron en el caso de la asociaci\u00f3n de la consulta psiqui\u00e1trica que siempre ha sido superior a la consulta normal.<\/p>\n<p><em><strong>\u00abLa decisi\u00f3n de actualizar este valor ha sido tomada tras una cuidadosa deliberaci\u00f3n y con el respaldo del Consejo Directivo de la COMRA (Confederaci\u00f3n M\u00e9dica de la Rep\u00fablica Argentina), entidad de la cual nuestra Federaci\u00f3n es miembro activo. Esta medida se fundamenta en la necesidad de adaptar los honorarios a la realidad econ\u00f3mica actual, permitiendo continuar brindando un servicio de salud de calidad a la comunidad\u00bb<\/strong><\/em>, sostuvieron los profesionales de la salud de Mendoza.<\/p>\n<p>Y remarcaron: <em><strong>\u00abSolicitamos a todos los actores involucrados la comprensi\u00f3n y pronta aceptaci\u00f3n de estos nuevos valores. En caso de no adhesi\u00f3n al mismo, los profesionales de la salud tendr\u00e1n la facultad de requerir a sus afiliados la diferencia necesaria para completar el monto mencionado. Confiamos en que esta medida ser\u00e1 entendida como un esfuerzo por preservar la sustentabilidad y excelencia del sistema m\u00e9dico, garantizando la atenci\u00f3n adecuada para todos los ciudadanos\u00bb<\/strong><\/em>.<\/p>\n<p>Al comunicado lo firmaron el\u00a0<strong>C\u00edrculo M\u00e9dico de Mendoza,<\/strong>\u00a0y las asociaciones de los dermat\u00f3logos mendocinos, los cirujanos, los neurocirujanos, los obstetras, los oftalm\u00f3logos, cardi\u00f3logos, m\u00e9dicos cl\u00ednicos, pediatras, reumat\u00f3logos y endocrin\u00f3logos.<\/p>\n","protected":false},"excerpt":{"rendered":"<p>Los m\u00e9dicos mendocinos indicaron en un comunicado que se prev\u00e9 un fuerte aumento en el valor de la consulta m\u00e9dica desde &#8230;<\/p>\n","protected":false},"author":7,"featured_media":131113,"comment_status":"open","ping_status":"open","sticky":false,"template":"","format":"standard","meta":{"footnotes":""},"categories":[5,15],"tags":[],"class_list":["post-131112","post","type-post","status-publish","format-standard","has-post-thumbnail","hentry","category-actualidad","category-salud"],"_links":{"self":[{"href":"https:\/\/vinasfm.com\/noticias\/wp-json\/wp\/v2\/posts\/131112","targetHints":{"allow":["GET"]}}],"collection":[{"href":"https:\/\/vinasfm.com\/noticias\/wp-json\/wp\/v2\/posts"}],"about":[{"href":"https:\/\/vinasfm.com\/noticias\/wp-json\/wp\/v2\/types\/post"}],"author":[{"embeddable":true,"href":"https:\/\/vinasfm.com\/noticias\/wp-json\/wp\/v2\/users\/7"}],"replies":[{"embeddable":true,"href":"https:\/\/vinasfm.com\/noticias\/wp-json\/wp\/v2\/comments?post=131112"}],"version-history":[{"count":1,"href":"https:\/\/vinasfm.com\/noticias\/wp-json\/wp\/v2\/posts\/131112\/revisions"}],"predecessor-version":[{"id":131114,"href":"https:\/\/vinasfm.com\/noticias\/wp-json\/wp\/v2\/posts\/131112\/revisions\/131114"}],"wp:featuredmedia":[{"embeddable":true,"href":"https:\/\/vinasfm.com\/noticias\/wp-json\/wp\/v2\/media\/131113"}],"wp:attachment":[{"href":"https:\/\/vinasfm.com\/noticias\/wp-json\/wp\/v2\/media?parent=131112"}],"wp:term":[{"taxonomy":"category","embeddable":true,"href":"https:\/\/vinasfm.com\/noticias\/wp-json\/wp\/v2\/categories?post=131112"},{"taxonomy":"post_tag","embeddable":true,"href":"https:\/\/vinasfm.com\/noticias\/wp-json\/wp\/v2\/tags?post=131112"}],"curies":[{"name":"wp","href":"https:\/\/api.w.org\/{rel}","templated":true}]}}