{"id":131088,"date":"2023-12-29T09:26:26","date_gmt":"2023-12-29T12:26:26","guid":{"rendered":"https:\/\/vinasfm.com\/noticias\/?p=131088"},"modified":"2023-12-30T10:29:40","modified_gmt":"2023-12-30T13:29:40","slug":"el-gobierno-definio-los-feriados-turisticos-del-2024-habra-un-fin-de-semana-largo-de-5-dias","status":"publish","type":"post","link":"https:\/\/vinasfm.com\/noticias\/el-gobierno-definio-los-feriados-turisticos-del-2024-habra-un-fin-de-semana-largo-de-5-dias\/","title":{"rendered":"EL GOBIERNO DEFINI\u00d3 LOS FERIADOS TUR\u00cdSTICOS DEL 2024: HABR\u00c1 UN FIN DE SEMANA LARGO DE 5 D\u00cdAS"},"content":{"rendered":"<p data-mrf-recirculation=\"Links p\u00e1rrafos (art\u00edculo)\"><span style=\"color: #000000;\"><strong>Cu\u00e1les son los feriados inamovibles. Calendario completo de feriados en 2024.<\/strong><\/span><\/p>\n<p data-mrf-recirculation=\"Links p\u00e1rrafos (art\u00edculo)\"><span style=\"color: #000000;\">El\u00a0<b>2024 en Argentina ser\u00e1 un a\u00f1o con 12 feriados inamovibles y cuatro trasladables<\/b>, seg\u00fan lo que oficializ\u00f3 el Gobierno en un decreto que public\u00f3 en el Bolet\u00edn Oficial. La administraci\u00f3n nacional oficializ\u00f3 el calendario de feriados con fines tur\u00edsticos del 2024, que\u00a0<b>ser\u00e1n en abril, junio y octubre<\/b>\u00a0y de esta manera qued\u00f3 conformado el calendario oficial de feriados nacionales.<\/span><\/p>\n<p data-mrf-recirculation=\"Links p\u00e1rrafos (art\u00edculo)\"><span style=\"color: #000000;\">As\u00ed lo estableci\u00f3 a trav\u00e9s del\u00a0<b>Decreto 106\/2023<\/b>\u00a0publicado en el Bolet\u00edn Oficial con las firmas del presidente Javier Milei; el Jefe de Gabinete, Nicol\u00e1s Posse y el ministro de Interior, Guillermo Francos.<\/span><\/p>\n<p data-mrf-recirculation=\"Links p\u00e1rrafos (art\u00edculo)\"><span style=\"color: #000000;\">Los feriados con fines tur\u00edsticos ser\u00e1n:<\/span><\/p>\n<ul>\n<li data-mrf-recirculation=\"Links p\u00e1rrafos (art\u00edculo)\"><span style=\"color: #000000;\"> <b>Lunes 1 de abril (puente con el viernes 29 de marzo, Viernes Santo)<\/b>.<\/span><\/li>\n<li data-mrf-recirculation=\"Links p\u00e1rrafos (art\u00edculo)\"><span style=\"color: #000000;\"><b>Viernes 21 de junio (puente con el jueves 20 de junio, Paso a la Inmortalidad del General Manuel Belgrano)<\/b>.<\/span><\/li>\n<li data-mrf-recirculation=\"Links p\u00e1rrafos (art\u00edculo)\"><span style=\"color: #000000;\"><b>Viernes 11 de octubre (puente con el s\u00e1bado 12 de octubre, D\u00eda del Respeto a la Diversidad Cultural)<\/b>.<\/span><\/li>\n<\/ul>\n<p data-mrf-recirculation=\"Links p\u00e1rrafos (art\u00edculo)\"><span style=\"color: #000000;\">En los considerandos, el gobierno argumenta que la disposici\u00f3n de estos feriados \u201cest\u00e1n relacionados con coadyuvar a disminuir los efectos negativos de la estacionalidad del sector tur\u00edstico\u201d.<\/span><\/p>\n<p data-mrf-recirculation=\"Links p\u00e1rrafos (art\u00edculo)\"><span style=\"color: #000000;\">De esta manera, qued\u00f3 conformado el calendario oficial de feriados nacionales, que en 2024 ser\u00e1n 19 entre inamovibles, trasladables y tur\u00edsticos.<\/span><\/p>\n<p data-mrf-recirculation=\"Links p\u00e1rrafos (art\u00edculo)\"><span style=\"color: #000000;\">Entre los inamovibles est\u00e1n:<\/span><\/p>\n<ul>\n<li data-mrf-recirculation=\"Links p\u00e1rrafos (art\u00edculo)\"><span style=\"color: #000000;\">1\u00b0 de enero (A\u00f1o Nuevo)<\/span><\/li>\n<li data-mrf-recirculation=\"Links p\u00e1rrafos (art\u00edculo)\"><span style=\"color: #000000;\">12 y 13 de febrero (Feriados de Carnaval)<\/span><\/li>\n<li data-mrf-recirculation=\"Links p\u00e1rrafos (art\u00edculo)\"><span style=\"color: #000000;\">24 de marzo (D\u00eda Nacional de la Memoria por la Verdad y la Justicia)<\/span><\/li>\n<li data-mrf-recirculation=\"Links p\u00e1rrafos (art\u00edculo)\"><span style=\"color: #000000;\">29 de marzo (Viernes Santo), el 2 de abril (D\u00eda del Veterano y de los Ca\u00eddos en la Guerra de Malvinas)<\/span><\/li>\n<li data-mrf-recirculation=\"Links p\u00e1rrafos (art\u00edculo)\"><span style=\"color: #000000;\">7 de abril (Viernes Santo)<\/span><\/li>\n<li data-mrf-recirculation=\"Links p\u00e1rrafos (art\u00edculo)\"><span style=\"color: #000000;\">1\u00b0 de mayo (D\u00eda del Trabajo)<\/span><\/li>\n<li data-mrf-recirculation=\"Links p\u00e1rrafos (art\u00edculo)\"><span style=\"color: #000000;\">25 de mayo (D\u00eda de la Revoluci\u00f3n de Mayo)<\/span><\/li>\n<li data-mrf-recirculation=\"Links p\u00e1rrafos (art\u00edculo)\"><span style=\"color: #000000;\">20 de junio (Paso a la Inmortalidad del General Manuel Belgrano)<\/span><\/li>\n<li data-mrf-recirculation=\"Links p\u00e1rrafos (art\u00edculo)\"><span style=\"color: #000000;\">9 de julio (D\u00eda de la Independencia)<\/span><\/li>\n<li data-mrf-recirculation=\"Links p\u00e1rrafos (art\u00edculo)\"><span style=\"color: #000000;\">8 de diciembre (D\u00eda de la Inmaculada Concepci\u00f3n de Mar\u00eda) <\/span><\/li>\n<li data-mrf-recirculation=\"Links p\u00e1rrafos (art\u00edculo)\"><span style=\"color: #000000;\">25 de diciembre (Navidad)<\/span><\/li>\n<\/ul>\n","protected":false},"excerpt":{"rendered":"<p>Cu\u00e1les son los feriados inamovibles. Calendario completo de feriados en 2024. El\u00a02024 en Argentina ser\u00e1 un a\u00f1o con 12 feriados inamovibles &#8230;<\/p>\n","protected":false},"author":7,"featured_media":131089,"comment_status":"open","ping_status":"open","sticky":false,"template":"","format":"standard","meta":{"footnotes":""},"categories":[5,10],"tags":[],"class_list":["post-131088","post","type-post","status-publish","format-standard","has-post-thumbnail","hentry","category-actualidad","category-destacadas"],"_links":{"self":[{"href":"https:\/\/vinasfm.com\/noticias\/wp-json\/wp\/v2\/posts\/131088","targetHints":{"allow":["GET"]}}],"collection":[{"href":"https:\/\/vinasfm.com\/noticias\/wp-json\/wp\/v2\/posts"}],"about":[{"href":"https:\/\/vinasfm.com\/noticias\/wp-json\/wp\/v2\/types\/post"}],"author":[{"embeddable":true,"href":"https:\/\/vinasfm.com\/noticias\/wp-json\/wp\/v2\/users\/7"}],"replies":[{"embeddable":true,"href":"https:\/\/vinasfm.com\/noticias\/wp-json\/wp\/v2\/comments?post=131088"}],"version-history":[{"count":1,"href":"https:\/\/vinasfm.com\/noticias\/wp-json\/wp\/v2\/posts\/131088\/revisions"}],"predecessor-version":[{"id":131090,"href":"https:\/\/vinasfm.com\/noticias\/wp-json\/wp\/v2\/posts\/131088\/revisions\/131090"}],"wp:featuredmedia":[{"embeddable":true,"href":"https:\/\/vinasfm.com\/noticias\/wp-json\/wp\/v2\/media\/131089"}],"wp:attachment":[{"href":"https:\/\/vinasfm.com\/noticias\/wp-json\/wp\/v2\/media?parent=131088"}],"wp:term":[{"taxonomy":"category","embeddable":true,"href":"https:\/\/vinasfm.com\/noticias\/wp-json\/wp\/v2\/categories?post=131088"},{"taxonomy":"post_tag","embeddable":true,"href":"https:\/\/vinasfm.com\/noticias\/wp-json\/wp\/v2\/tags?post=131088"}],"curies":[{"name":"wp","href":"https:\/\/api.w.org\/{rel}","templated":true}]}}