{"id":131031,"date":"2023-12-28T08:29:11","date_gmt":"2023-12-28T11:29:11","guid":{"rendered":"https:\/\/vinasfm.com\/noticias\/?p=131031"},"modified":"2023-12-29T08:55:03","modified_gmt":"2023-12-29T11:55:03","slug":"un-moto-y-una-camioneta-colisionaron-en-la-inteseccion-de-calles-colon-y-bernardo-de-irigoyen","status":"publish","type":"post","link":"https:\/\/vinasfm.com\/noticias\/un-moto-y-una-camioneta-colisionaron-en-la-inteseccion-de-calles-colon-y-bernardo-de-irigoyen\/","title":{"rendered":"UN MOTO Y UNA CAMIONETA COLISIONARON EN LA INTESECCI\u00d3N DE CALLES COL\u00d3N Y BERNARDO DE IRIGOYEN"},"content":{"rendered":"<p><span style=\"color: #000000;\"><strong>El hecho ocurri\u00f3 en la jornada del mi\u00e9rcoles.<\/strong><\/span><\/p>\n<p><span style=\"color: #000000;\">Fue protagonizado por una camioneta, marca <strong>Renault Kangoo, que ciculaba por Col\u00f3n<\/strong> en direcci\u00f3n Oeste a Este y al llegar a la intersecci\u00f3n con <strong>Benardo de Irigoyen, colisiona con una motocicleta 150 cc que circulaba por la arteria de Norte a Sur.<\/strong> Los ocupantes del r<strong>odado menor resultaron lesionados<\/strong>, por lo tanto fueron trasladados al Hospital Enfermeros Argentinos.\u00a0<\/span><\/p>\n","protected":false},"excerpt":{"rendered":"<p>El hecho ocurri\u00f3 en la jornada del mi\u00e9rcoles. Fue protagonizado por una camioneta, marca Renault Kangoo, que ciculaba por Col\u00f3n en &#8230;<\/p>\n","protected":false},"author":7,"featured_media":131032,"comment_status":"open","ping_status":"open","sticky":false,"template":"","format":"standard","meta":{"footnotes":""},"categories":[5,184],"tags":[],"class_list":["post-131031","post","type-post","status-publish","format-standard","has-post-thumbnail","hentry","category-actualidad","category-siniestro-vial"],"_links":{"self":[{"href":"https:\/\/vinasfm.com\/noticias\/wp-json\/wp\/v2\/posts\/131031","targetHints":{"allow":["GET"]}}],"collection":[{"href":"https:\/\/vinasfm.com\/noticias\/wp-json\/wp\/v2\/posts"}],"about":[{"href":"https:\/\/vinasfm.com\/noticias\/wp-json\/wp\/v2\/types\/post"}],"author":[{"embeddable":true,"href":"https:\/\/vinasfm.com\/noticias\/wp-json\/wp\/v2\/users\/7"}],"replies":[{"embeddable":true,"href":"https:\/\/vinasfm.com\/noticias\/wp-json\/wp\/v2\/comments?post=131031"}],"version-history":[{"count":1,"href":"https:\/\/vinasfm.com\/noticias\/wp-json\/wp\/v2\/posts\/131031\/revisions"}],"predecessor-version":[{"id":131033,"href":"https:\/\/vinasfm.com\/noticias\/wp-json\/wp\/v2\/posts\/131031\/revisions\/131033"}],"wp:featuredmedia":[{"embeddable":true,"href":"https:\/\/vinasfm.com\/noticias\/wp-json\/wp\/v2\/media\/131032"}],"wp:attachment":[{"href":"https:\/\/vinasfm.com\/noticias\/wp-json\/wp\/v2\/media?parent=131031"}],"wp:term":[{"taxonomy":"category","embeddable":true,"href":"https:\/\/vinasfm.com\/noticias\/wp-json\/wp\/v2\/categories?post=131031"},{"taxonomy":"post_tag","embeddable":true,"href":"https:\/\/vinasfm.com\/noticias\/wp-json\/wp\/v2\/tags?post=131031"}],"curies":[{"name":"wp","href":"https:\/\/api.w.org\/{rel}","templated":true}]}}