{"id":131022,"date":"2023-12-28T08:14:53","date_gmt":"2023-12-28T11:14:53","guid":{"rendered":"https:\/\/vinasfm.com\/noticias\/?p=131022"},"modified":"2023-12-29T08:56:06","modified_gmt":"2023-12-29T11:56:06","slug":"merienda-saludable-en-las-colonias","status":"publish","type":"post","link":"https:\/\/vinasfm.com\/noticias\/merienda-saludable-en-las-colonias\/","title":{"rendered":"MERIENDA SALUDABLE EN LAS COLONIAS"},"content":{"rendered":"<p><span style=\"color: #000000;\"><strong>Desde la oficina de Municipio Saludable de la Municipalidad realizaron una intervenci\u00f3n en las Colonias de Verano que se desarrollan en las instalaciones del Polideportivo, donde asisten ni\u00f1os de todas las edades.<\/strong><\/span><\/p>\n<p><span style=\"color: #000000;\">Esta propuesta consiste en que los m\u00e1s de 900 ni\u00f1os que concurren a las colonias tengan la opci\u00f3n de ingerir una colaci\u00f3n saludable, rica en sabor y en colores. Se encontraron con sand\u00eda, mel\u00f3n, durazno, damasco, cerezas, banana, manzana, entre otras frutas y fueron los propios colonos quienes hicieron su ensalada para luego disfrutarla.<\/span><\/p>\n<p><a href=\"https:\/\/vinasfm.com\/noticias\/wp-content\/uploads\/2023\/12\/Merienda-Saludable-2-scaled.jpg\"><img loading=\"lazy\" decoding=\"async\" class=\"alignnone wp-image-131025\" src=\"https:\/\/vinasfm.com\/noticias\/wp-content\/uploads\/2023\/12\/Merienda-Saludable-2-576x1024.jpg\" alt=\"\" width=\"250\" height=\"444\" srcset=\"https:\/\/vinasfm.com\/noticias\/wp-content\/uploads\/2023\/12\/Merienda-Saludable-2-576x1024.jpg 576w, https:\/\/vinasfm.com\/noticias\/wp-content\/uploads\/2023\/12\/Merienda-Saludable-2-169x300.jpg 169w, https:\/\/vinasfm.com\/noticias\/wp-content\/uploads\/2023\/12\/Merienda-Saludable-2-768x1365.jpg 768w, https:\/\/vinasfm.com\/noticias\/wp-content\/uploads\/2023\/12\/Merienda-Saludable-2-864x1536.jpg 864w, https:\/\/vinasfm.com\/noticias\/wp-content\/uploads\/2023\/12\/Merienda-Saludable-2-1152x2048.jpg 1152w, https:\/\/vinasfm.com\/noticias\/wp-content\/uploads\/2023\/12\/Merienda-Saludable-2-scaled.jpg 1440w\" sizes=\"auto, (max-width: 250px) 100vw, 250px\" \/><\/a> <a href=\"https:\/\/vinasfm.com\/noticias\/wp-content\/uploads\/2023\/12\/Merienda-Saludable-16-1-scaled.jpg\"><img loading=\"lazy\" decoding=\"async\" class=\"alignnone wp-image-131026\" src=\"https:\/\/vinasfm.com\/noticias\/wp-content\/uploads\/2023\/12\/Merienda-Saludable-16-1-576x1024.jpg\" alt=\"\" width=\"250\" height=\"444\" srcset=\"https:\/\/vinasfm.com\/noticias\/wp-content\/uploads\/2023\/12\/Merienda-Saludable-16-1-576x1024.jpg 576w, https:\/\/vinasfm.com\/noticias\/wp-content\/uploads\/2023\/12\/Merienda-Saludable-16-1-169x300.jpg 169w, https:\/\/vinasfm.com\/noticias\/wp-content\/uploads\/2023\/12\/Merienda-Saludable-16-1-768x1365.jpg 768w, https:\/\/vinasfm.com\/noticias\/wp-content\/uploads\/2023\/12\/Merienda-Saludable-16-1-864x1536.jpg 864w, https:\/\/vinasfm.com\/noticias\/wp-content\/uploads\/2023\/12\/Merienda-Saludable-16-1-1152x2048.jpg 1152w, https:\/\/vinasfm.com\/noticias\/wp-content\/uploads\/2023\/12\/Merienda-Saludable-16-1-scaled.jpg 1440w\" sizes=\"auto, (max-width: 250px) 100vw, 250px\" \/><\/a><\/p>\n<p>&nbsp;<\/p>\n<p><span style=\"color: #000000;\">Anal\u00eda Garc\u00eda de Municipio Saludable dijo <strong>\u201cla idea es ense\u00f1arles a los chicos a disfrutar de un desayuno o merienda saludable y muy rica. Ellos mismo est\u00e1n preparando una ensalada de frutas eligiendo las opciones que les damos\u201d.<\/strong><\/span><\/p>\n<p><span style=\"color: #000000;\">Celeste V\u00edlchez de Municipio Saludable aclar\u00f3 <strong><em>\u201ces algo atractivo para los chicos, venimos a ofrecerles que pueden buscar varias opciones de colaci\u00f3n, hemos tra\u00eddo fruta de estaci\u00f3n para que sepan que no es necesario gastar demasiado, sino que se hace con lo que haya en casa. Esto los mantiene hidratados adem\u00e1s de ser una acci\u00f3n que pueden realizar en sus casas\u201d.<\/em><\/strong><\/span><\/p>\n","protected":false},"excerpt":{"rendered":"<p>Desde la oficina de Municipio Saludable de la Municipalidad realizaron una intervenci\u00f3n en las Colonias de Verano que se desarrollan en &#8230;<\/p>\n","protected":false},"author":7,"featured_media":131023,"comment_status":"open","ping_status":"open","sticky":false,"template":"","format":"standard","meta":{"footnotes":""},"categories":[5,198],"tags":[],"class_list":["post-131022","post","type-post","status-publish","format-standard","has-post-thumbnail","hentry","category-actualidad","category-municipio-saludable"],"_links":{"self":[{"href":"https:\/\/vinasfm.com\/noticias\/wp-json\/wp\/v2\/posts\/131022","targetHints":{"allow":["GET"]}}],"collection":[{"href":"https:\/\/vinasfm.com\/noticias\/wp-json\/wp\/v2\/posts"}],"about":[{"href":"https:\/\/vinasfm.com\/noticias\/wp-json\/wp\/v2\/types\/post"}],"author":[{"embeddable":true,"href":"https:\/\/vinasfm.com\/noticias\/wp-json\/wp\/v2\/users\/7"}],"replies":[{"embeddable":true,"href":"https:\/\/vinasfm.com\/noticias\/wp-json\/wp\/v2\/comments?post=131022"}],"version-history":[{"count":2,"href":"https:\/\/vinasfm.com\/noticias\/wp-json\/wp\/v2\/posts\/131022\/revisions"}],"predecessor-version":[{"id":131081,"href":"https:\/\/vinasfm.com\/noticias\/wp-json\/wp\/v2\/posts\/131022\/revisions\/131081"}],"wp:featuredmedia":[{"embeddable":true,"href":"https:\/\/vinasfm.com\/noticias\/wp-json\/wp\/v2\/media\/131023"}],"wp:attachment":[{"href":"https:\/\/vinasfm.com\/noticias\/wp-json\/wp\/v2\/media?parent=131022"}],"wp:term":[{"taxonomy":"category","embeddable":true,"href":"https:\/\/vinasfm.com\/noticias\/wp-json\/wp\/v2\/categories?post=131022"},{"taxonomy":"post_tag","embeddable":true,"href":"https:\/\/vinasfm.com\/noticias\/wp-json\/wp\/v2\/tags?post=131022"}],"curies":[{"name":"wp","href":"https:\/\/api.w.org\/{rel}","templated":true}]}}