{"id":130997,"date":"2023-12-27T08:38:57","date_gmt":"2023-12-27T11:38:57","guid":{"rendered":"https:\/\/vinasfm.com\/noticias\/?p=130997"},"modified":"2023-12-28T08:50:30","modified_gmt":"2023-12-28T11:50:30","slug":"como-funcionara-el-servicio-de-recoleccion-de-residuos-durante-el-fin-de-semana-de-ano-nuevo","status":"publish","type":"post","link":"https:\/\/vinasfm.com\/noticias\/como-funcionara-el-servicio-de-recoleccion-de-residuos-durante-el-fin-de-semana-de-ano-nuevo\/","title":{"rendered":"C\u00d3MO FUNCIONAR\u00c1 EL SERVICIO DE RECOLECCI\u00d3N DE RESIDUOS DURANTE EL FIN DE SEMANA DE A\u00d1O NUEVO"},"content":{"rendered":"<p><span style=\"color: #000000;\"><strong>Desde la Direcci\u00f3n de Servicios P\u00fablicos informaron el cronograma de recolecci\u00f3n de residuos para este fin de semana.\u00a0<\/strong><\/span><\/p>\n<ul>\n<li><span style=\"color: #000000;\">El servicio tipo A se realizar\u00e1 con normalidad hasta el s\u00e1bado 30 de diciembre inclusive, comenzando su recorrido a las 19:00 HS.<\/span><\/li>\n<li><span style=\"color: #000000;\">El servicio tipo B se prestar\u00e1 el s\u00e1bado en el sector correspondiente, de 7:00 a 13:00 HS.<\/span><\/li>\n<\/ul>\n<p><span style=\"color: #000000;\">Estos servicios ser\u00e1n restablecidos el martes 2 de enero, en sus horarios y recorridos habituales.<\/span><\/p>\n","protected":false},"excerpt":{"rendered":"<p>Desde la Direcci\u00f3n de Servicios P\u00fablicos informaron el cronograma de recolecci\u00f3n de residuos para este fin de semana.\u00a0 El servicio tipo &#8230;<\/p>\n","protected":false},"author":7,"featured_media":130998,"comment_status":"open","ping_status":"open","sticky":false,"template":"","format":"standard","meta":{"footnotes":""},"categories":[5,68],"tags":[],"class_list":["post-130997","post","type-post","status-publish","format-standard","has-post-thumbnail","hentry","category-actualidad","category-servicios"],"_links":{"self":[{"href":"https:\/\/vinasfm.com\/noticias\/wp-json\/wp\/v2\/posts\/130997","targetHints":{"allow":["GET"]}}],"collection":[{"href":"https:\/\/vinasfm.com\/noticias\/wp-json\/wp\/v2\/posts"}],"about":[{"href":"https:\/\/vinasfm.com\/noticias\/wp-json\/wp\/v2\/types\/post"}],"author":[{"embeddable":true,"href":"https:\/\/vinasfm.com\/noticias\/wp-json\/wp\/v2\/users\/7"}],"replies":[{"embeddable":true,"href":"https:\/\/vinasfm.com\/noticias\/wp-json\/wp\/v2\/comments?post=130997"}],"version-history":[{"count":1,"href":"https:\/\/vinasfm.com\/noticias\/wp-json\/wp\/v2\/posts\/130997\/revisions"}],"predecessor-version":[{"id":130999,"href":"https:\/\/vinasfm.com\/noticias\/wp-json\/wp\/v2\/posts\/130997\/revisions\/130999"}],"wp:featuredmedia":[{"embeddable":true,"href":"https:\/\/vinasfm.com\/noticias\/wp-json\/wp\/v2\/media\/130998"}],"wp:attachment":[{"href":"https:\/\/vinasfm.com\/noticias\/wp-json\/wp\/v2\/media?parent=130997"}],"wp:term":[{"taxonomy":"category","embeddable":true,"href":"https:\/\/vinasfm.com\/noticias\/wp-json\/wp\/v2\/categories?post=130997"},{"taxonomy":"post_tag","embeddable":true,"href":"https:\/\/vinasfm.com\/noticias\/wp-json\/wp\/v2\/tags?post=130997"}],"curies":[{"name":"wp","href":"https:\/\/api.w.org\/{rel}","templated":true}]}}