{"id":130981,"date":"2023-12-27T08:23:25","date_gmt":"2023-12-27T11:23:25","guid":{"rendered":"https:\/\/vinasfm.com\/noticias\/?p=130981"},"modified":"2023-12-28T08:52:28","modified_gmt":"2023-12-28T11:52:28","slug":"cumplir-suenos-quince-familias-disfrutan-de-su-casa-propia-en-el-barrio-luz-y-fuerza","status":"publish","type":"post","link":"https:\/\/vinasfm.com\/noticias\/cumplir-suenos-quince-familias-disfrutan-de-su-casa-propia-en-el-barrio-luz-y-fuerza\/","title":{"rendered":"CUMPLIR SUE\u00d1OS: QUINCE FAMILIAS DISFRUTAN DE SU CASA PROPIA EN EL BARRIO LUZ Y FUERZA"},"content":{"rendered":"<p><span style=\"color: #000000;\"><strong>El Gobernador de Mendoza Alfredo Cornejo, la Subsecretaria de Infraestructura, Marit\u00e9 Badu\u00ed, el Intendente Alejandro Molero hicieron la entrega de las viviendas del Barrio Luz y Fuerza.<\/strong><\/span><\/p>\n<p><span style=\"color: #000000;\">Las quince viviendas del Barrio Luz y Fuerza contaron con financiaci\u00f3n del Estado provincial. Estas viviendas cuentan con dos habitaciones, ba\u00f1o, lavander\u00eda y cocina comedor, con terminaciones muy prolijas construidas con un sistema de aglomerado con aislante por dentro, lo que hace que en verano sea fresca y en invierno guarde el calor. Adem\u00e1s, cuenta con termotanque solar asistido por un calef\u00f3n a gas y los pisos con cer\u00e1micos.<\/span><\/p>\n<p><a href=\"https:\/\/vinasfm.com\/noticias\/wp-content\/uploads\/2023\/12\/Entrega-Barrio-Luz-y-Fuerza-5-scaled.jpg\"><img loading=\"lazy\" decoding=\"async\" class=\"alignnone wp-image-130983\" src=\"https:\/\/vinasfm.com\/noticias\/wp-content\/uploads\/2023\/12\/Entrega-Barrio-Luz-y-Fuerza-5-1024x683.jpg\" alt=\"\" width=\"350\" height=\"233\" srcset=\"https:\/\/vinasfm.com\/noticias\/wp-content\/uploads\/2023\/12\/Entrega-Barrio-Luz-y-Fuerza-5-1024x683.jpg 1024w, https:\/\/vinasfm.com\/noticias\/wp-content\/uploads\/2023\/12\/Entrega-Barrio-Luz-y-Fuerza-5-300x200.jpg 300w, https:\/\/vinasfm.com\/noticias\/wp-content\/uploads\/2023\/12\/Entrega-Barrio-Luz-y-Fuerza-5-768x512.jpg 768w, https:\/\/vinasfm.com\/noticias\/wp-content\/uploads\/2023\/12\/Entrega-Barrio-Luz-y-Fuerza-5-1536x1024.jpg 1536w, https:\/\/vinasfm.com\/noticias\/wp-content\/uploads\/2023\/12\/Entrega-Barrio-Luz-y-Fuerza-5-2048x1365.jpg 2048w\" sizes=\"auto, (max-width: 350px) 100vw, 350px\" \/><\/a> <a href=\"https:\/\/vinasfm.com\/noticias\/wp-content\/uploads\/2023\/12\/Entrega-Barrio-Luz-y-Fuerza-7-scaled.jpg\"><img loading=\"lazy\" decoding=\"async\" class=\"alignnone wp-image-130984\" src=\"https:\/\/vinasfm.com\/noticias\/wp-content\/uploads\/2023\/12\/Entrega-Barrio-Luz-y-Fuerza-7-1024x683.jpg\" alt=\"\" width=\"350\" height=\"233\" srcset=\"https:\/\/vinasfm.com\/noticias\/wp-content\/uploads\/2023\/12\/Entrega-Barrio-Luz-y-Fuerza-7-1024x683.jpg 1024w, https:\/\/vinasfm.com\/noticias\/wp-content\/uploads\/2023\/12\/Entrega-Barrio-Luz-y-Fuerza-7-300x200.jpg 300w, https:\/\/vinasfm.com\/noticias\/wp-content\/uploads\/2023\/12\/Entrega-Barrio-Luz-y-Fuerza-7-768x512.jpg 768w, https:\/\/vinasfm.com\/noticias\/wp-content\/uploads\/2023\/12\/Entrega-Barrio-Luz-y-Fuerza-7-1536x1024.jpg 1536w, https:\/\/vinasfm.com\/noticias\/wp-content\/uploads\/2023\/12\/Entrega-Barrio-Luz-y-Fuerza-7-2048x1365.jpg 2048w\" sizes=\"auto, (max-width: 350px) 100vw, 350px\" \/><\/a><\/p>\n<h6>Cornejo y Molero durante la entrega del Barrio \u00abLuz y Fuerza\u00bb<\/h6>\n<p><span style=\"color: #000000;\"><em><strong>\u00abEn ocho a\u00f1os se han entregado 600 viviendas en Alvear, muchas menos de las que se necesitan, por lo que es una gran oportunidad para informar c\u00f3mo funcionan los sistemas de financiamiento, donde el banco dar\u00eda un cr\u00e9dito de 30 o 40 a\u00f1os para que todos puedan acceder a una vivienda sin necesidad de intervenci\u00f3n del Estado. Hace muchos a\u00f1os que en Argentina no funciona eso, con lo cual la vivienda solo queda reducida a una vivienda social. Cada vez hay menos recursos para obras y los gobiernos nacionales se retiran del financiamiento\u00bb,<\/strong><\/em> expres\u00f3 el Gobernador Cornejo y agreg\u00f3<em><strong> \u00abel d\u00e9ficit habitacional en el Pa\u00eds es monstruoso y la Provincia o el Departamento no son una excepci\u00f3n. Aspiramos a que el IPV no solo construya vivienda social por su propio medio, queremos un plan de vivienda m\u00e1s vinculado a sectores urbanos en loteos donde hay cloacas, gas o electricidad, que tambi\u00e9n pueda financiar viviendas con un subsidio a la tasa, para que la mayor\u00eda pueda acceder al cr\u00e9dito, es decir, para que sectores medios puedan acceder f\u00e1cilmente\u00bb<\/strong><\/em>.<\/span><\/p>\n<p><span style=\"color: #000000;\">Adem\u00e1s, Cornejo sostuvo que<em><strong> \u00absi hay estabilidad en la econom\u00eda nacional, estoy seguro que cumpliremos a\u00f1o tras a\u00f1o con m\u00e1s viviendas, genuinamente construidas, con mucho esfuerzo del IPV, de entidades intermedias y la debida espera de los adjudicatarios. Estamos ratificando el compromiso, la decisi\u00f3n de seguir en este camino, esperamos que la macroeconom\u00eda se ordene, que el financiamiento aparezca de forma r\u00e1pida, que sea accesible para la poblaci\u00f3n, aunque para eso debe bajar la inflaci\u00f3n\u00bb.<\/strong><\/em><\/span><\/p>\n<p><span style=\"color: #000000;\">Alejandro Molero, intendente de General Alvear en la entrega de las viviendas agradeci\u00f3 a todos los presentes del Sindicato de Luz y Fuerza como tambi\u00e9n a la subsecretaria de Infraestructura y desarrollo Territorial <strong><em>\u201cno hay acto m\u00e1s importante y gratificante que entregar viviendas, estas 15 construcciones est\u00e1n realizadas con un sistema sustentable, que tanto la iluminaci\u00f3n como el agua caliente dependen de la energ\u00eda solar, esto nos hace bien como alvearenses adem\u00e1s del cuidado del medio ambiente\u201d.<\/em><\/strong><\/span><\/p>\n<p><span style=\"color: #000000;\">Adem\u00e1s de estas viviendas el intendente comunic\u00f3 que en los pr\u00f3ximos meses se entregar\u00e1n las 11 casas situadas en Uspallata y Pedro Tijera, como tambi\u00e9n el B\u00b0 Alvear que tiene 3 etapas de construcci\u00f3n y cuenta con 96 viviendas en dos plantas.<\/span><\/p>\n<p><span style=\"color: #000000;\">Por otro lado, dio a conocer que <strong><em>\u201cse firm\u00f3 el inicio de obras del B\u00b0 Vi\u00f1as del Oeste ubicado en calle Centenario que dar\u00e1 inicio en los pr\u00f3ximos d\u00edas\u201d<\/em><\/strong><\/span><\/p>\n<p><a href=\"https:\/\/vinasfm.com\/noticias\/wp-content\/uploads\/2023\/12\/Entrega-Barrio-Luz-y-Fuerza-3-scaled.jpg\"><img loading=\"lazy\" decoding=\"async\" class=\"alignnone wp-image-130986\" src=\"https:\/\/vinasfm.com\/noticias\/wp-content\/uploads\/2023\/12\/Entrega-Barrio-Luz-y-Fuerza-3-1024x684.jpg\" alt=\"\" width=\"350\" height=\"234\" srcset=\"https:\/\/vinasfm.com\/noticias\/wp-content\/uploads\/2023\/12\/Entrega-Barrio-Luz-y-Fuerza-3-1024x684.jpg 1024w, https:\/\/vinasfm.com\/noticias\/wp-content\/uploads\/2023\/12\/Entrega-Barrio-Luz-y-Fuerza-3-300x200.jpg 300w, https:\/\/vinasfm.com\/noticias\/wp-content\/uploads\/2023\/12\/Entrega-Barrio-Luz-y-Fuerza-3-768x513.jpg 768w, https:\/\/vinasfm.com\/noticias\/wp-content\/uploads\/2023\/12\/Entrega-Barrio-Luz-y-Fuerza-3-1536x1025.jpg 1536w, https:\/\/vinasfm.com\/noticias\/wp-content\/uploads\/2023\/12\/Entrega-Barrio-Luz-y-Fuerza-3-2048x1367.jpg 2048w\" sizes=\"auto, (max-width: 350px) 100vw, 350px\" \/><\/a> <a href=\"https:\/\/vinasfm.com\/noticias\/wp-content\/uploads\/2023\/12\/Entrega-Barrio-Luz-y-Fuerza-4-scaled.jpg\"><img loading=\"lazy\" decoding=\"async\" class=\"alignnone wp-image-130987\" src=\"https:\/\/vinasfm.com\/noticias\/wp-content\/uploads\/2023\/12\/Entrega-Barrio-Luz-y-Fuerza-4-1024x683.jpg\" alt=\"\" width=\"350\" height=\"234\" srcset=\"https:\/\/vinasfm.com\/noticias\/wp-content\/uploads\/2023\/12\/Entrega-Barrio-Luz-y-Fuerza-4-1024x683.jpg 1024w, https:\/\/vinasfm.com\/noticias\/wp-content\/uploads\/2023\/12\/Entrega-Barrio-Luz-y-Fuerza-4-300x200.jpg 300w, https:\/\/vinasfm.com\/noticias\/wp-content\/uploads\/2023\/12\/Entrega-Barrio-Luz-y-Fuerza-4-768x513.jpg 768w, https:\/\/vinasfm.com\/noticias\/wp-content\/uploads\/2023\/12\/Entrega-Barrio-Luz-y-Fuerza-4-1536x1025.jpg 1536w, https:\/\/vinasfm.com\/noticias\/wp-content\/uploads\/2023\/12\/Entrega-Barrio-Luz-y-Fuerza-4-2048x1367.jpg 2048w\" sizes=\"auto, (max-width: 350px) 100vw, 350px\" \/><\/a><\/p>\n<h6>Funcionarios y adjudicatarios en la entrega del Barrio \u00abLuz y Fuerza\u00bb<\/h6>\n<p><span style=\"color: #000000;\">Dar\u00edo un adjudicatario se mostr\u00f3 muy emocionado:<em><strong> \u201cestamos muy contentos, nos sentimos bendecidos y por lo que hemos visto est\u00e1n muy bien hechas. Lo antes posible nos vamos a mudar\u201d<\/strong><\/em><\/span><\/p>\n<p><span style=\"color: #000000;\">Nicol\u00e1s tambi\u00e9n adjudicatario expres\u00f3 <em><strong>\u201ces muy gratificante despu\u00e9s de tanto trabajo tener una vivienda digna lista para habitar, para nosotros es un gran alivio no tener que seguir alquilando\u201d<\/strong><\/em><\/span><\/p>\n<p><span style=\"color: #000000;\">Marit\u00e9 Badu\u00ed, subsecretaria de Infraestructura manifest\u00f3 <strong><em>\u201ces muy simb\u00f3lico seguir entregando viviendas ya que esto marca la decisi\u00f3n pol\u00edtica de un gobierno. Es importante exponer la inversi\u00f3n p\u00fablica y pensar mecanismos que no atenten contra la equidad intergeneracional, para que otras familias que hace mucho est\u00e1n esperando puedan acceder a una vivienda con mecanismos de financiamientos m\u00e1s fuertes\u201d<\/em><\/strong><\/span><\/p>\n<p><span style=\"color: #000000;\"><strong>\u201cEs prioridad de la provincia seguir con las obras p\u00fablicas, por supuesto que en algunos puntos nos veremos afectados, pero estamos analizando todos los frentes posibles\u201d<\/strong>, concluy\u00f3 la funcionaria.<\/span><\/p>\n<p><a href=\"https:\/\/vinasfm.com\/noticias\/wp-content\/uploads\/2023\/12\/WhatsApp-Image-2023-12-26-at-12.46.52.jpeg\"><img loading=\"lazy\" decoding=\"async\" class=\"alignnone wp-image-130988\" src=\"https:\/\/vinasfm.com\/noticias\/wp-content\/uploads\/2023\/12\/WhatsApp-Image-2023-12-26-at-12.46.52-1024x681.jpeg\" alt=\"\" width=\"350\" height=\"233\" srcset=\"https:\/\/vinasfm.com\/noticias\/wp-content\/uploads\/2023\/12\/WhatsApp-Image-2023-12-26-at-12.46.52-1024x681.jpeg 1024w, https:\/\/vinasfm.com\/noticias\/wp-content\/uploads\/2023\/12\/WhatsApp-Image-2023-12-26-at-12.46.52-300x200.jpeg 300w, https:\/\/vinasfm.com\/noticias\/wp-content\/uploads\/2023\/12\/WhatsApp-Image-2023-12-26-at-12.46.52-768x511.jpeg 768w, https:\/\/vinasfm.com\/noticias\/wp-content\/uploads\/2023\/12\/WhatsApp-Image-2023-12-26-at-12.46.52.jpeg 1141w\" sizes=\"auto, (max-width: 350px) 100vw, 350px\" \/><\/a><\/p>\n<h6>Marit\u00e9 Badu\u00ed, subsecretaria de Infraestructura<\/h6>\n","protected":false},"excerpt":{"rendered":"<p>El Gobernador de Mendoza Alfredo Cornejo, la Subsecretaria de Infraestructura, Marit\u00e9 Badu\u00ed, el Intendente Alejandro Molero hicieron la entrega de las &#8230;<\/p>\n","protected":false},"author":7,"featured_media":130985,"comment_status":"open","ping_status":"open","sticky":false,"template":"","format":"standard","meta":{"footnotes":""},"categories":[5,10],"tags":[],"class_list":["post-130981","post","type-post","status-publish","format-standard","has-post-thumbnail","hentry","category-actualidad","category-destacadas"],"_links":{"self":[{"href":"https:\/\/vinasfm.com\/noticias\/wp-json\/wp\/v2\/posts\/130981","targetHints":{"allow":["GET"]}}],"collection":[{"href":"https:\/\/vinasfm.com\/noticias\/wp-json\/wp\/v2\/posts"}],"about":[{"href":"https:\/\/vinasfm.com\/noticias\/wp-json\/wp\/v2\/types\/post"}],"author":[{"embeddable":true,"href":"https:\/\/vinasfm.com\/noticias\/wp-json\/wp\/v2\/users\/7"}],"replies":[{"embeddable":true,"href":"https:\/\/vinasfm.com\/noticias\/wp-json\/wp\/v2\/comments?post=130981"}],"version-history":[{"count":2,"href":"https:\/\/vinasfm.com\/noticias\/wp-json\/wp\/v2\/posts\/130981\/revisions"}],"predecessor-version":[{"id":130989,"href":"https:\/\/vinasfm.com\/noticias\/wp-json\/wp\/v2\/posts\/130981\/revisions\/130989"}],"wp:featuredmedia":[{"embeddable":true,"href":"https:\/\/vinasfm.com\/noticias\/wp-json\/wp\/v2\/media\/130985"}],"wp:attachment":[{"href":"https:\/\/vinasfm.com\/noticias\/wp-json\/wp\/v2\/media?parent=130981"}],"wp:term":[{"taxonomy":"category","embeddable":true,"href":"https:\/\/vinasfm.com\/noticias\/wp-json\/wp\/v2\/categories?post=130981"},{"taxonomy":"post_tag","embeddable":true,"href":"https:\/\/vinasfm.com\/noticias\/wp-json\/wp\/v2\/tags?post=130981"}],"curies":[{"name":"wp","href":"https:\/\/api.w.org\/{rel}","templated":true}]}}