{"id":130976,"date":"2023-12-26T11:57:39","date_gmt":"2023-12-26T14:57:39","guid":{"rendered":"https:\/\/vinasfm.com\/noticias\/?p=130976"},"modified":"2023-12-28T08:53:06","modified_gmt":"2023-12-28T11:53:06","slug":"por-ley-buscan-endurecer-el-control-de-monopatines-y-bicicletas-electricas","status":"publish","type":"post","link":"https:\/\/vinasfm.com\/noticias\/por-ley-buscan-endurecer-el-control-de-monopatines-y-bicicletas-electricas\/","title":{"rendered":"POR LEY BUSCAN ENDURECER EL CONTROL DE MONOPATINES Y BICICLETAS EL\u00c9CTRICAS"},"content":{"rendered":"<p><span style=\"color: #000000;\"><strong>Se trata de un proyecto que present\u00f3 el diputado de La Uni\u00f3n Mendocina, Gabriel Pradines.<\/strong><\/span><\/p>\n<p><span style=\"color: #000000;\">Con la intenci\u00f3n de modificar la Ley Provincial de Seguridad Vial N.\u00ba 9.024, precisamente el Art\u00edculo 44, el diputado provincial\u00a0<strong>Gabriel Pradines<\/strong>\u00a0de\u00a0<strong>La Uni\u00f3n Mendocina<\/strong>, present\u00f3 un proyecto en la C\u00e1mara Baja de la Legislatura que \u201c<em>busca concientizar<\/em>\u201d el uso de los monopatines y de las bicicletas con o sin motor.<\/span><\/p>\n<p><span style=\"color: #000000;\">Adem\u00e1s de la modificaci\u00f3n del Art. 44 de la Ley provincial 9.024, el legislador provincial de LAUM busca extender los cuidados en el uso de los rodados menores. Los cambios presentados se encuentran divididos por la caracter\u00edstica del rodado. Pradines la clasific\u00f3 en<strong> bicicleta con o sin motor, con asistencia el\u00e9ctrica al pedaleo y monopatines.<\/strong><\/span><\/p>\n<p><span style=\"color: #000000;\">Quien fuera candidato a intendente de Guaymall\u00e9n por el frente liderado por Omar De Marchi asegura que ante el aumento <em>\u201cconsiderable\u201d<\/em> del uso de dichos rodados se ha producido una <em><strong>\u201cfalta de consciencia de los conductores, y un vac\u00edo normativo\u201d<\/strong><\/em> que como consecuencia ha tenido <strong><em>\u201caccidentes viales en la provincia de Mendoza donde est\u00e1n involucrados estos nuevos dispositivos de movilidad personal, llegando a la p\u00e9rdida de vidas humanas\u201d.<\/em><\/strong><\/span><\/p>\n<p><span style=\"color: #000000;\">Bajo ese contexto, Pradines considera que las modificaciones presentadas en su proyecto no busca <strong><em>\u201csancionar o recaudar\u201d<\/em><\/strong> sino que apunta a un <strong><em>\u201ccambio cultural\u201d<\/em><\/strong> en los conductores que utilizan estos medios de transporte para que <strong><em>\u201cfrenen ante sem\u00e1foros en rojo, cedan el paso a peatones en esquinas y cruces peatonales, cedan el paso en las encrucijadas a quien circule por su derecha, como si condujeran un veh\u00edculo de mayor porte\u201d.<\/em><\/strong><\/span><\/p>\n<p><span style=\"color: #000000;\">La actual legislaci\u00f3n del art\u00edculo 44 solamente se\u00f1ala que para circular en bicicleta, con o sin motor, ser\u00e1 necesario que sus conductores y ocupantes usen casco de seguridad homologado y que lleven instaladas una luz blanca hacia adelante y otra roja hacia atr\u00e1s.<\/span><\/p>\n<h2 id=\"h-que-dice-el-proyecto\" class=\"wp-block-heading\"><span style=\"color: #000000;\">Qu\u00e9 dice el proyecto<\/span><\/h2>\n<p><span style=\"color: #000000;\">El art\u00edculo 44 es el \u00fanico que sufrir\u00eda modificaciones, ya que establece un cambio en la circulaci\u00f3n de bicicletas o sin motor, bicicletas con Asistencia El\u00e9ctrica al Pedaleo, Monopatines, Patinetas El\u00e9ctricas y Similares. Proponen que sea necesario que cumplan los siguientes requisitos:<\/span><\/p>\n<aside class=\"scaip scaip-2 \"><\/aside>\n<p><span style=\"color: #000000;\"><strong>Bicicletas, con o sin motor<\/strong>:<\/span><\/p>\n<ol>\n<li><span style=\"color: #000000;\">Una luz blanca hacia adelante y otra roja hacia atr\u00e1s.<\/span><\/li>\n<li><span style=\"color: #000000;\">Un sistema de rodamiento, direcci\u00f3n y freno adelante y atr\u00e1s.<\/span><\/li>\n<li><span style=\"color: #000000;\">Elementos retroreflectivos en pedales.<\/span><\/li>\n<li><span style=\"color: #000000;\">Sus conductores y ocupantes usen casco de seguridad homologado.<\/span><\/li>\n<\/ol>\n<p><span style=\"color: #000000;\"><strong>Bicicleta con Asistencia El\u00e9ctrica al Pedaleo<\/strong>: veh\u00edculo de dos ruedas propulsado por mecanismos con el esfuerzo de quien lo utiliza, pudiendo ser m\u00faltiple de hasta cuatro ruedas alineadas, asistido por un motor el\u00e9ctrico auxiliar de hasta 250\u202fW, cuya potencia disminuye progresivamente y se interrumpe cuando la velocidad del veh\u00edculo alcanza los 25 kms\/h, o antes si el ciclista deja de pedalear. Su peso no debe superar los 40 kilogramos.<\/span><\/p>\n<ol>\n<li><span style=\"color: #000000;\">Un sistema de frenos que act\u00fae sobre sus ruedas, pueda accionarse desde el manubrio, sea permanente y eficaz.<\/span><\/li>\n<li><span style=\"color: #000000;\">Una base de apoyo para el pie en cada pedal.<\/span><\/li>\n<li><span style=\"color: #000000;\">Timbre o bocina cuyo sonido s\u00e9 audible, en condiciones tr\u00e1nsito mediano, a una distancia no menor de 30 metros.<\/span><\/li>\n<li><span style=\"color: #000000;\">Un espejo retrovisor colocado en forma tal que permita al conductor ver por lo menos a setenta (70) metros de distancia hacia atr\u00e1s<\/span><\/li>\n<li><span style=\"color: #000000;\">Un elemento catadi\u00f3ptrico rojo, de superficie no inferior a veinte (20) cent\u00edmetros cuadrados en la parte trasera.<\/span><\/li>\n<li><span style=\"color: #000000;\">Tener incorporado un motor el\u00e9ctrico. Su potencia m\u00e1xima no deber\u00e1 sobrepasar los 250 Watts.<\/span><\/li>\n<li><span style=\"color: #000000;\">Tener un mecanismo de empuje de aceleraci\u00f3n hasta los 6 km\/h.<\/span><\/li>\n<li><span style=\"color: #000000;\">Alcanzar un m\u00e1ximo 25 km\/h de velocidad asistida. Esto no significa que el ciclista no pueda superar esta velocidad, pero deber\u00e1 hacerlo por sus propios medios, sin la ayuda del motor el\u00e9ctrico, excepto en el modo de asistencia en el arranque.<\/span><\/li>\n<li><span style=\"color: #000000;\">El motor debe activarse con el pedaleo. El motor de las bicicletas el\u00e9ctricas \u00fanicamente se activa si se est\u00e1 pedaleando. Los modelos que tienen acelerador no se consideran bicis el\u00e9ctricas, sino ciclomotores.<\/span><\/li>\n<li><span style=\"color: #000000;\">Peso inferior a 40 kg.<\/span><\/li>\n<li><span style=\"color: #000000;\">Usar cadenas reforzadas.<\/span><\/li>\n<li><span style=\"color: #000000;\">Pueden circular por ciclov\u00edas.<\/span><\/li>\n<li><span style=\"color: #000000;\">Un espejo retrovisor colocado en forma tal que permita al conductor ver por lo menos a setenta (70) metros de distancia hacia atr\u00e1s.<\/span><\/li>\n<li><span style=\"color: #000000;\">En marcha nocturna se debe utilizar una luz de color rojo orientada hacia atr\u00e1s y una luz de color blanco o destellador orientada hacia adelante, ambas visibles a no menos de cien (100) metros en el sentido correspondiente.<\/span><\/li>\n<li><span style=\"color: #000000;\">Timbre o bocina cuyo sonido s\u00e9 audible, en condiciones tr\u00e1nsito mediano, a una distancia no menor de 30 metros.<\/span><\/li>\n<li><span style=\"color: #000000;\">Un espejo retrovisor colocado en forma tal que permita al conductor ver por lo menos a setenta (70) metros de distancia hacia atr\u00e1s; Page 4\/7 Expte.: 0000079620.<\/span><\/li>\n<li><span style=\"color: #000000;\">Un elemento catadi\u00f3ptrico rojo, de superficie no inferior a veinte (20) cent\u00edmetros cuadrados en la parte trasera.<\/span><\/li>\n<li><span style=\"color: #000000;\">Un elemento catadi\u00f3ptrico blanco, de superficie no inferior a veinte (20) cent\u00edmetros cuadrados en la parte delantera.<\/span><\/li>\n<li><span style=\"color: #000000;\">Un elemento catadi\u00f3ptrico blanco, rojo o amarillo en los pedales y en los rayos de cada rueda, visible de ambos lados.<\/span><\/li>\n<\/ol>\n<p><span style=\"color: #000000;\"><strong>Monopatines, con o sin motor<\/strong>: consisten en Monopatines de pie de dos ruedas que pueden ser impulsadas por un motor mediante el accionar de un acelerador comandado por el conductor y que pueden alcanzar velocidades comparables a las alcanzadas por las bicicletas de pedales. Debe contener:<\/span><\/p>\n<aside class=\"scaip scaip-3 \"><\/aside>\n<ol>\n<li><span style=\"color: #000000;\">Freno hidr\u00e1ulico convencional o regenerativo para una detenci\u00f3n total.<\/span><\/li>\n<li><span style=\"color: #000000;\">Motor de 250\u202fW de potencia como m\u00e1ximo.<\/span><\/li>\n<li><span style=\"color: #000000;\">Suspensi\u00f3n que d\u00e9 respuesta vibratoria sobre el cuerpo humano, \u201cde baja frecuencia\u201d comprendidas entre 1 \u2013 20 Hz.<\/span><\/li>\n<li><span style=\"color: #000000;\">Display con distintas caracter\u00edsticas de visualizaci\u00f3n en pantalla.<\/span><\/li>\n<li><span style=\"color: #000000;\">Una luz delante de l\u00e1mpara LED, luz trasera de freno roja.<\/span><\/li>\n<li><span style=\"color: #000000;\">Velocidad m\u00e1xima de 25 km\/h.<\/span><\/li>\n<li><span style=\"color: #000000;\">Sus conductores deben usar casco homologado obligatorio.<\/span><\/li>\n<\/ol>\n","protected":false},"excerpt":{"rendered":"<p>Se trata de un proyecto que present\u00f3 el diputado de La Uni\u00f3n Mendocina, Gabriel Pradines. Con la intenci\u00f3n de modificar la &#8230;<\/p>\n","protected":false},"author":7,"featured_media":130977,"comment_status":"open","ping_status":"open","sticky":false,"template":"","format":"standard","meta":{"footnotes":""},"categories":[5,43],"tags":[],"class_list":["post-130976","post","type-post","status-publish","format-standard","has-post-thumbnail","hentry","category-actualidad","category-legislatura"],"_links":{"self":[{"href":"https:\/\/vinasfm.com\/noticias\/wp-json\/wp\/v2\/posts\/130976","targetHints":{"allow":["GET"]}}],"collection":[{"href":"https:\/\/vinasfm.com\/noticias\/wp-json\/wp\/v2\/posts"}],"about":[{"href":"https:\/\/vinasfm.com\/noticias\/wp-json\/wp\/v2\/types\/post"}],"author":[{"embeddable":true,"href":"https:\/\/vinasfm.com\/noticias\/wp-json\/wp\/v2\/users\/7"}],"replies":[{"embeddable":true,"href":"https:\/\/vinasfm.com\/noticias\/wp-json\/wp\/v2\/comments?post=130976"}],"version-history":[{"count":1,"href":"https:\/\/vinasfm.com\/noticias\/wp-json\/wp\/v2\/posts\/130976\/revisions"}],"predecessor-version":[{"id":130978,"href":"https:\/\/vinasfm.com\/noticias\/wp-json\/wp\/v2\/posts\/130976\/revisions\/130978"}],"wp:featuredmedia":[{"embeddable":true,"href":"https:\/\/vinasfm.com\/noticias\/wp-json\/wp\/v2\/media\/130977"}],"wp:attachment":[{"href":"https:\/\/vinasfm.com\/noticias\/wp-json\/wp\/v2\/media?parent=130976"}],"wp:term":[{"taxonomy":"category","embeddable":true,"href":"https:\/\/vinasfm.com\/noticias\/wp-json\/wp\/v2\/categories?post=130976"},{"taxonomy":"post_tag","embeddable":true,"href":"https:\/\/vinasfm.com\/noticias\/wp-json\/wp\/v2\/tags?post=130976"}],"curies":[{"name":"wp","href":"https:\/\/api.w.org\/{rel}","templated":true}]}}