{"id":130919,"date":"2023-12-22T11:23:54","date_gmt":"2023-12-22T14:23:54","guid":{"rendered":"https:\/\/vinasfm.com\/noticias\/?p=130919"},"modified":"2023-12-26T09:16:17","modified_gmt":"2023-12-26T12:16:17","slug":"oficializaron-las-subas-de-montos-destinados-a-la-tarjeta-alimentar","status":"publish","type":"post","link":"https:\/\/vinasfm.com\/noticias\/oficializaron-las-subas-de-montos-destinados-a-la-tarjeta-alimentar\/","title":{"rendered":"OFICIALIZARON LAS SUBAS DE MONTOS DESTINADOS A LA TARJETA ALIMENTAR"},"content":{"rendered":"<p><span style=\"color: #000000;\"><strong>La Resoluci\u00f3n 3\/2023 fue publicada este viernes en el Bolet\u00edn Oficial con la firma de la ministra de Capital Humano. El importe pasa de 22.000 a 33.000 pesos.<\/strong><\/span><\/p>\n<p><span style=\"color: #000000;\">El Gobierno nacional oficializ\u00f3 este viernes en el Bolet\u00edn Oficial el aumento de los montos destinados a la Tarjeta Alimentar. La Resoluci\u00f3n 3\/2023, publicada en el Bolet\u00edn Oficial, establece que el incremento tienen que ver con la idea de contener el impacto de la aceleraci\u00f3n inflacionaria.<\/span><\/p>\n<p><span style=\"color: #000000;\">De este modo, las familias con un hijo\/a de 0 a 14 a\u00f1os que perciban Asignaci\u00f3n Universal por Hijo, Asignaci\u00f3n Universal por Hijo con Discapacidad, Asignaci\u00f3n por Embarazo o Pensi\u00f3n para madre de 7 o m\u00e1s hijos\/as parar\u00e1n a cobrar de 22.000 a 33.000 pesos.<\/span><\/p>\n<p><span style=\"color: #000000;\">Asimismo, se estableci\u00f3 un aumento de 34.500 a 51.750 pesos para las familias con dos hijos\/as de 0 a 14 a\u00f1os que perciban Asignaci\u00f3n Universal por Hijo, Asignaci\u00f3n Universal por Hijo con Discapacidad o Pensi\u00f3n para madre de 7 o m\u00e1s hijos\/as.<\/span><\/p>\n<p><span style=\"color: #000000;\">Y de 45.500 a 68.250 pesos para las familias con tres hijos o m\u00e1s de 0 a 14 a\u00f1os que perciban las mismas asignaciones.<\/span><\/p>\n<p><span style=\"color: #000000;\">Tal como define la medida en sus considerandos, su <em><strong>\u201cobjetivo general es el de garantizar la seguridad y soberan\u00eda alimentaria de toda la poblaci\u00f3n y familias argentinas, con especial atenci\u00f3n en los sectores de mayor vulnerabilidad econ\u00f3mica y social\u201d.<\/strong><\/em><\/span><\/p>\n","protected":false},"excerpt":{"rendered":"<p>La Resoluci\u00f3n 3\/2023 fue publicada este viernes en el Bolet\u00edn Oficial con la firma de la ministra de Capital Humano. El &#8230;<\/p>\n","protected":false},"author":7,"featured_media":130920,"comment_status":"open","ping_status":"open","sticky":false,"template":"","format":"standard","meta":{"footnotes":""},"categories":[5,10],"tags":[],"class_list":["post-130919","post","type-post","status-publish","format-standard","has-post-thumbnail","hentry","category-actualidad","category-destacadas"],"_links":{"self":[{"href":"https:\/\/vinasfm.com\/noticias\/wp-json\/wp\/v2\/posts\/130919","targetHints":{"allow":["GET"]}}],"collection":[{"href":"https:\/\/vinasfm.com\/noticias\/wp-json\/wp\/v2\/posts"}],"about":[{"href":"https:\/\/vinasfm.com\/noticias\/wp-json\/wp\/v2\/types\/post"}],"author":[{"embeddable":true,"href":"https:\/\/vinasfm.com\/noticias\/wp-json\/wp\/v2\/users\/7"}],"replies":[{"embeddable":true,"href":"https:\/\/vinasfm.com\/noticias\/wp-json\/wp\/v2\/comments?post=130919"}],"version-history":[{"count":1,"href":"https:\/\/vinasfm.com\/noticias\/wp-json\/wp\/v2\/posts\/130919\/revisions"}],"predecessor-version":[{"id":130921,"href":"https:\/\/vinasfm.com\/noticias\/wp-json\/wp\/v2\/posts\/130919\/revisions\/130921"}],"wp:featuredmedia":[{"embeddable":true,"href":"https:\/\/vinasfm.com\/noticias\/wp-json\/wp\/v2\/media\/130920"}],"wp:attachment":[{"href":"https:\/\/vinasfm.com\/noticias\/wp-json\/wp\/v2\/media?parent=130919"}],"wp:term":[{"taxonomy":"category","embeddable":true,"href":"https:\/\/vinasfm.com\/noticias\/wp-json\/wp\/v2\/categories?post=130919"},{"taxonomy":"post_tag","embeddable":true,"href":"https:\/\/vinasfm.com\/noticias\/wp-json\/wp\/v2\/tags?post=130919"}],"curies":[{"name":"wp","href":"https:\/\/api.w.org\/{rel}","templated":true}]}}