{"id":130896,"date":"2023-12-22T08:14:49","date_gmt":"2023-12-22T11:14:49","guid":{"rendered":"https:\/\/vinasfm.com\/noticias\/?p=130896"},"modified":"2023-12-22T08:14:49","modified_gmt":"2023-12-22T11:14:49","slug":"la-comuna-lleva-adelante-la-limpieza-y-puesta-en-valor-del-puente-del-rio-atuel","status":"publish","type":"post","link":"https:\/\/vinasfm.com\/noticias\/la-comuna-lleva-adelante-la-limpieza-y-puesta-en-valor-del-puente-del-rio-atuel\/","title":{"rendered":"LA COMUNA LLEVA ADELANTE LA LIMPIEZA Y PUESTA EN VALOR DEL PUENTE DEL R\u00cdO ATU\u00c9L"},"content":{"rendered":"<p><span style=\"color: #000000;\"><strong>Desde la Direcci\u00f3n de Turismo y en conjunto con Servicios P\u00fablicos realizaron trabajos de limpieza, pintura e iluminaci\u00f3n en los m\u00e1rgenes del Puente del R\u00edo Atuel sobre la Ruta Provincial 200.<\/strong><\/span><\/p>\n<p><span style=\"color: #000000;\">Gustavo Garc\u00eda, Director de Turismo expuso: <strong><em>\u201ccomenzamos en conjunto con la gente de la Direcci\u00f3n de Servicios P\u00fablicos un trabajo de limpieza y pintura en la zona del Puente del R\u00edo Atu\u00e9l donde est\u00e1 el Aeroclub y alrededores. Esto pone en valor el puente y todos estos espacios para que las personas puedan pasar un rato agradable\u201d.<\/em><\/strong><\/span><\/p>\n<p><span style=\"color: #000000;\"><em><strong>\u201cEsta forma de trabajar es tambi\u00e9n brindar un servicio adecuado a la gente que visita estos lugares para ba\u00f1arse, tomar mate y pasar momentos en familia\u201d<\/strong><\/em>, agreg\u00f3.\u00a0<\/span><\/p>\n<p><span style=\"color: #000000;\">Por otra parte, el Director de Turismo invit\u00f3 a todos para esta tarde a partir de las 19h en la Costanera Alvear a disfrutar de la apertura de la temporada 2023 \u2013 2024 <strong><em>\u201clos esperamos a disfrutar de estos lugares que son de todos los alvearenses y queremos que los hagan propio\u201d.<\/em><\/strong><\/span><\/p>\n<p><span style=\"color: #000000;\"><strong><em>\u201cEn este a\u00f1o est\u00e1 la novedad que la Constanera Alvear ser\u00e1 gratuita la entrada, es una decisi\u00f3n del Intendente\u201d<\/em><\/strong> comunic\u00f3 Garc\u00eda, agregando que se podr\u00e1 disfrutar del Vag\u00f3n donde encontrar\u00e1n gastronom\u00eda y bebidas, como tambi\u00e9n habr\u00e1 eventos con buena m\u00fasica y bandas locales.<\/span><\/p>\n","protected":false},"excerpt":{"rendered":"<p>Desde la Direcci\u00f3n de Turismo y en conjunto con Servicios P\u00fablicos realizaron trabajos de limpieza, pintura e iluminaci\u00f3n en los m\u00e1rgenes &#8230;<\/p>\n","protected":false},"author":7,"featured_media":130897,"comment_status":"open","ping_status":"open","sticky":false,"template":"","format":"standard","meta":{"footnotes":""},"categories":[1],"tags":[],"class_list":["post-130896","post","type-post","status-publish","format-standard","has-post-thumbnail","hentry","category-fmvinas"],"_links":{"self":[{"href":"https:\/\/vinasfm.com\/noticias\/wp-json\/wp\/v2\/posts\/130896","targetHints":{"allow":["GET"]}}],"collection":[{"href":"https:\/\/vinasfm.com\/noticias\/wp-json\/wp\/v2\/posts"}],"about":[{"href":"https:\/\/vinasfm.com\/noticias\/wp-json\/wp\/v2\/types\/post"}],"author":[{"embeddable":true,"href":"https:\/\/vinasfm.com\/noticias\/wp-json\/wp\/v2\/users\/7"}],"replies":[{"embeddable":true,"href":"https:\/\/vinasfm.com\/noticias\/wp-json\/wp\/v2\/comments?post=130896"}],"version-history":[{"count":1,"href":"https:\/\/vinasfm.com\/noticias\/wp-json\/wp\/v2\/posts\/130896\/revisions"}],"predecessor-version":[{"id":130898,"href":"https:\/\/vinasfm.com\/noticias\/wp-json\/wp\/v2\/posts\/130896\/revisions\/130898"}],"wp:featuredmedia":[{"embeddable":true,"href":"https:\/\/vinasfm.com\/noticias\/wp-json\/wp\/v2\/media\/130897"}],"wp:attachment":[{"href":"https:\/\/vinasfm.com\/noticias\/wp-json\/wp\/v2\/media?parent=130896"}],"wp:term":[{"taxonomy":"category","embeddable":true,"href":"https:\/\/vinasfm.com\/noticias\/wp-json\/wp\/v2\/categories?post=130896"},{"taxonomy":"post_tag","embeddable":true,"href":"https:\/\/vinasfm.com\/noticias\/wp-json\/wp\/v2\/tags?post=130896"}],"curies":[{"name":"wp","href":"https:\/\/api.w.org\/{rel}","templated":true}]}}