{"id":130838,"date":"2023-12-21T08:49:27","date_gmt":"2023-12-21T11:49:27","guid":{"rendered":"https:\/\/vinasfm.com\/noticias\/?p=130838"},"modified":"2023-12-21T10:37:41","modified_gmt":"2023-12-21T13:37:41","slug":"detuvieron-a-dos-sujetos-que-portaban-un-arma-de-fuego-cocaina-y-mas-de-140-000-en-efectivo","status":"publish","type":"post","link":"https:\/\/vinasfm.com\/noticias\/detuvieron-a-dos-sujetos-que-portaban-un-arma-de-fuego-cocaina-y-mas-de-140-000-en-efectivo\/","title":{"rendered":"DETUVIERON A DOS SUJETOS QUE PORTABAN UN ARMA DE FUEGO, COCA\u00cdNA Y M\u00c1S DE $140.000 EN EFECTIVO"},"content":{"rendered":"<p><strong>La Polic\u00eda Contra el Narcotrafico realiz\u00f3 operativos en el departamento.<\/strong><\/p>\n<p>En la jornada del martes, en horas de la siesta, personal policial de la Divisi\u00f3n Lucha Contra el Narcotr\u00e1fico de General Alvear, estuvo realizando maniobras operativas en conjunto con personal de la Divisi\u00f3n Canes San Rafael en jurisdicci\u00f3n de Comisar\u00eda 14.<strong> En Calle Europa detienen la marcha de una motocicleta 150cc en la cual se conduc\u00edan dos personas de sexo masculino donde una de ellos (Cristian Luna, de 30 a\u00f1os) portaba un arma de fuego calibre 22 cargada con 6 proyectiles y dentro de una mochila la suma de $ 145.000 en efectivo, adem\u00e1s de un envoltorio con coca\u00edna para consumo personal. <\/strong><\/p>\n<p>Se le solicitaron directivas al <strong>Ayudante Fiscal en turno quien ordeno el traslado de los masculinos a Comisar\u00eda Decimocuarta\u00a0 en Averiguaci\u00f3n de la Portaci\u00f3n Ilegal de Arma de fuego.<\/strong> Tambi\u00e9n se procede al secuestro del envoltorio con el estupefacientes y del dinero en efectivo seg\u00fan lo dispuesto por el Juzgado Federal de San Rafael.<\/p>\n<p><span style=\"color: #000000;\">As\u00ed mismo Policial Vial, por falta de documentaci\u00f3n, <strong>procedi\u00f3 a la retenci\u00f3n del ciclomotor.<\/strong><\/span><\/p>\n","protected":false},"excerpt":{"rendered":"<p>La Polic\u00eda Contra el Narcotrafico realiz\u00f3 operativos en el departamento. En la jornada del martes, en horas de la siesta, personal &#8230;<\/p>\n","protected":false},"author":7,"featured_media":130839,"comment_status":"open","ping_status":"open","sticky":false,"template":"","format":"standard","meta":{"footnotes":""},"categories":[5],"tags":[],"class_list":["post-130838","post","type-post","status-publish","format-standard","has-post-thumbnail","hentry","category-actualidad"],"_links":{"self":[{"href":"https:\/\/vinasfm.com\/noticias\/wp-json\/wp\/v2\/posts\/130838","targetHints":{"allow":["GET"]}}],"collection":[{"href":"https:\/\/vinasfm.com\/noticias\/wp-json\/wp\/v2\/posts"}],"about":[{"href":"https:\/\/vinasfm.com\/noticias\/wp-json\/wp\/v2\/types\/post"}],"author":[{"embeddable":true,"href":"https:\/\/vinasfm.com\/noticias\/wp-json\/wp\/v2\/users\/7"}],"replies":[{"embeddable":true,"href":"https:\/\/vinasfm.com\/noticias\/wp-json\/wp\/v2\/comments?post=130838"}],"version-history":[{"count":3,"href":"https:\/\/vinasfm.com\/noticias\/wp-json\/wp\/v2\/posts\/130838\/revisions"}],"predecessor-version":[{"id":130872,"href":"https:\/\/vinasfm.com\/noticias\/wp-json\/wp\/v2\/posts\/130838\/revisions\/130872"}],"wp:featuredmedia":[{"embeddable":true,"href":"https:\/\/vinasfm.com\/noticias\/wp-json\/wp\/v2\/media\/130839"}],"wp:attachment":[{"href":"https:\/\/vinasfm.com\/noticias\/wp-json\/wp\/v2\/media?parent=130838"}],"wp:term":[{"taxonomy":"category","embeddable":true,"href":"https:\/\/vinasfm.com\/noticias\/wp-json\/wp\/v2\/categories?post=130838"},{"taxonomy":"post_tag","embeddable":true,"href":"https:\/\/vinasfm.com\/noticias\/wp-json\/wp\/v2\/tags?post=130838"}],"curies":[{"name":"wp","href":"https:\/\/api.w.org\/{rel}","templated":true}]}}