{"id":130828,"date":"2023-12-21T08:14:35","date_gmt":"2023-12-21T11:14:35","guid":{"rendered":"https:\/\/vinasfm.com\/noticias\/?p=130828"},"modified":"2023-12-21T09:40:12","modified_gmt":"2023-12-21T12:40:12","slug":"importantes-descuentos-en-las-tasas-municipales","status":"publish","type":"post","link":"https:\/\/vinasfm.com\/noticias\/importantes-descuentos-en-las-tasas-municipales\/","title":{"rendered":"IMPORTANTES DESCUENTOS EN LAS TASAS MUNICIPALES"},"content":{"rendered":"<p><span style=\"color: #000000;\"><strong>La Direcci\u00f3n de Renta de la Municipalidad de General Alvear invit\u00f3 a los vecinos y comerciantes a regularizar su situaci\u00f3n para poder acceder a importantes descuentos en las tasas por servicios a la Propiedad Ra\u00edz, Derechos de Comercio e Industria y Actividades Civiles.<\/strong><\/span><\/p>\n<p><span style=\"color: #000000;\">El plazo es hasta el 30 de diciembre y todos aquellos que normalicen sus situaciones podr\u00e1n adherir a descuentos en el a\u00f1o entrante, adem\u00e1s es importante recordar que toda esa recaudaci\u00f3n se invierte en la Ciudad y Distritos en Servicios P\u00fablicos, espacios verdes, mantenimientos y mejoras.<\/span><\/p>\n<p><a href=\"https:\/\/vinasfm.com\/noticias\/wp-content\/uploads\/2023\/12\/tasa-municipales.jpg\"><img loading=\"lazy\" decoding=\"async\" class=\"alignnone size-medium wp-image-130829\" src=\"https:\/\/vinasfm.com\/noticias\/wp-content\/uploads\/2023\/12\/tasa-municipales-271x300.jpg\" alt=\"\" width=\"271\" height=\"300\" srcset=\"https:\/\/vinasfm.com\/noticias\/wp-content\/uploads\/2023\/12\/tasa-municipales-271x300.jpg 271w, https:\/\/vinasfm.com\/noticias\/wp-content\/uploads\/2023\/12\/tasa-municipales-925x1024.jpg 925w, https:\/\/vinasfm.com\/noticias\/wp-content\/uploads\/2023\/12\/tasa-municipales-768x850.jpg 768w, https:\/\/vinasfm.com\/noticias\/wp-content\/uploads\/2023\/12\/tasa-municipales-1388x1536.jpg 1388w, https:\/\/vinasfm.com\/noticias\/wp-content\/uploads\/2023\/12\/tasa-municipales.jpg 1446w\" sizes=\"auto, (max-width: 271px) 100vw, 271px\" \/><\/a><\/p>\n<p><span style=\"color: #000000;\">El Director de Rentas Nelson \u00c1lvarez expres\u00f3 <em><strong>\u201cqueremos informar a todos los vecinos que regularicen la situaci\u00f3n con el objetivo de no perder el beneficio de descuentos del a\u00f1o 2024, les pedimos que se acerquen hasta la municipalidad o realicen el pago de modo virtual en la p\u00e1gina o a trav\u00e9s de la plataforma e-pagos\u201d.<\/strong><\/em><\/span><\/p>\n<p><span style=\"color: #000000;\">Adem\u00e1s, \u00c1lvarez aclar\u00f3 que <strong><em>\u201chaciendo el pago anual tienen el beneficio del 15% menos y el a\u00f1o que viene pueden acceder a otro 20% de descuento, tambi\u00e9n hay planes de pago desde 3 a 24 cuotas, seg\u00fan el plan que elijan es el descuento que obtienen\u201d.<\/em><\/strong><\/span><\/p>\n<p><span style=\"color: #000000;\">Por otro lado, el Director de Rentas anunci\u00f3 que <strong><em>\u201cel pr\u00f3ximo a\u00f1o la boleta de papel no se va a imprimir para reducir gastos y tambi\u00e9n para colaborar con el cuidado del medio ambiente\u201d.<\/em><\/strong><\/span><\/p>\n","protected":false},"excerpt":{"rendered":"<p>La Direcci\u00f3n de Renta de la Municipalidad de General Alvear invit\u00f3 a los vecinos y comerciantes a regularizar su situaci\u00f3n para &#8230;<\/p>\n","protected":false},"author":7,"featured_media":130831,"comment_status":"open","ping_status":"open","sticky":false,"template":"","format":"standard","meta":{"footnotes":""},"categories":[5,10],"tags":[],"class_list":["post-130828","post","type-post","status-publish","format-standard","has-post-thumbnail","hentry","category-actualidad","category-destacadas"],"_links":{"self":[{"href":"https:\/\/vinasfm.com\/noticias\/wp-json\/wp\/v2\/posts\/130828","targetHints":{"allow":["GET"]}}],"collection":[{"href":"https:\/\/vinasfm.com\/noticias\/wp-json\/wp\/v2\/posts"}],"about":[{"href":"https:\/\/vinasfm.com\/noticias\/wp-json\/wp\/v2\/types\/post"}],"author":[{"embeddable":true,"href":"https:\/\/vinasfm.com\/noticias\/wp-json\/wp\/v2\/users\/7"}],"replies":[{"embeddable":true,"href":"https:\/\/vinasfm.com\/noticias\/wp-json\/wp\/v2\/comments?post=130828"}],"version-history":[{"count":2,"href":"https:\/\/vinasfm.com\/noticias\/wp-json\/wp\/v2\/posts\/130828\/revisions"}],"predecessor-version":[{"id":130837,"href":"https:\/\/vinasfm.com\/noticias\/wp-json\/wp\/v2\/posts\/130828\/revisions\/130837"}],"wp:featuredmedia":[{"embeddable":true,"href":"https:\/\/vinasfm.com\/noticias\/wp-json\/wp\/v2\/media\/130831"}],"wp:attachment":[{"href":"https:\/\/vinasfm.com\/noticias\/wp-json\/wp\/v2\/media?parent=130828"}],"wp:term":[{"taxonomy":"category","embeddable":true,"href":"https:\/\/vinasfm.com\/noticias\/wp-json\/wp\/v2\/categories?post=130828"},{"taxonomy":"post_tag","embeddable":true,"href":"https:\/\/vinasfm.com\/noticias\/wp-json\/wp\/v2\/tags?post=130828"}],"curies":[{"name":"wp","href":"https:\/\/api.w.org\/{rel}","templated":true}]}}