{"id":130823,"date":"2023-12-20T11:41:13","date_gmt":"2023-12-20T14:41:13","guid":{"rendered":"https:\/\/vinasfm.com\/noticias\/?p=130823"},"modified":"2023-12-21T09:40:36","modified_gmt":"2023-12-21T12:40:36","slug":"vacaciones-en-mendoza-30-de-descuento-para-turistas-mendocinos-y-nacionales","status":"publish","type":"post","link":"https:\/\/vinasfm.com\/noticias\/vacaciones-en-mendoza-30-de-descuento-para-turistas-mendocinos-y-nacionales\/","title":{"rendered":"VACACIONES EN MENDOZA: 30% DE DESCUENTO PARA TURISTAS MENDOCINOS Y NACIONALES"},"content":{"rendered":"<p><span style=\"color: #000000;\"><strong>Con el fin de atraer a visitantes y fomentar el turismo de cercan\u00eda, la provincia tendr\u00e1 promociones especiales este verano para los turistas de Mendoza y del resto del pa\u00eds.<\/strong><\/span><\/p>\n<p><span style=\"color: #000000;\">Se acercan las\u00a0<strong>vacaciones\u00a0<\/strong>de\u00a0<strong>verano\u00a0<\/strong>y la provincia de\u00a0<strong>Mendoza<\/strong>, pese a estar entre los destinos m\u00e1s elegidos del pa\u00eds, presenta un nivel de reservas de un 35 y 40% de promedio provincial, porcentaje menor en comparaci\u00f3n con el a\u00f1o anterior. Para incentivar la actividad para los pr\u00f3ximos meses se lanzar\u00e1 una campa\u00f1a de\u00a0<strong>descuentos\u00a0<\/strong>para los turistas mendocinos y nacionales.\u00a0<\/span><\/p>\n<p><span style=\"color: #000000;\">De la reuni\u00f3n participaron la presidente del Ente Mendoza Turismo (Emetur), Gabriela Testa, junto al subsecretario de Comunicaci\u00f3n Social, Prensa y Protocolo, Pablo Sarale y representantes de c\u00e1maras, asociaciones y empresarios del sector tur\u00edstico privado de la provincia. Si bien el encuentro se desarrollo en relaci\u00f3n a\u00a0la planificaci\u00f3n p\u00fablica y privada de estrategias de promoci\u00f3n tur\u00edstica, el foco estuvo puesto en las\u00a0<strong>vacaciones\u00a0<\/strong>de\u00a0<strong>verano<\/strong>.<\/span><\/p>\n<p><span style=\"color: #000000;\">Desde el Gobierno, invitaron al sector privado a sumarse con un esfuerzo promocional y con descuentos para mendocinos y argentinos.\u00a0<em><strong>\u201cDesde la provincia decidimos apostar con una campa\u00f1a publicitaria dentro de las posibilidades econ\u00f3micas del presupuesto provincial e invitamos a los privados a participar con un incentivo para el consumo de los turistas mendocinos y nacionales que ser\u00e1 un descuento del 30 por ciento\u201d<\/strong><\/em>, expres\u00f3 Testa. Adem\u00e1s aclar\u00f3 que este descuento ser\u00e1 voluntario.<\/span><\/p>\n<p><span style=\"color: #000000;\">Adem\u00e1s, frente a la crisis econ\u00f3mica, destac\u00f3 la importancia de apostar al turismo de cercan\u00eda. \u201c<em><strong>En este momento, los argentinos est\u00e1n retrayendo la decisi\u00f3n de viaje por las dificultades econ\u00f3micas, que se refleja en los costos de los servicios, pero fundamentalmente en materia de traslado, dado el aumento del valor del combustible. Es por esto que como gesti\u00f3n, y con el apoyo del sector privado, vamos a apostar por un turismo de cercan\u00eda, ofreci\u00e9ndoles precios m\u00e1s accesibles para que puedan disfrutar el verano tanto los mendocinos como quienes quieran visitarnos del turismo nacional\u201d<\/strong><\/em>, finaliz\u00f3 Testa.<\/span><\/p>\n<p><span style=\"color: #000000;\">Respecto a la promoci\u00f3n del destino, la nueva campa\u00f1a de\u00a0<strong>verano\u00a0<\/strong>de Mendoza 2024, tendr\u00e1 como slogan: <strong>\u00abBuscar en Mendoza es encontrar lo mejor\u00bb<\/strong>. Continuar\u00e1 el concepto instalado hace unos meses, <strong>\u00abTe deseo lo mejor\u00bb<\/strong> y <strong>\u00abLo mejor de lo mejor\u00bb.<\/strong><\/span><\/p>\n<p><span style=\"color: #000000;\">El agua ser\u00e1 el factor protagonista estas vacaciones de verano, la nueva campa\u00f1a pondr\u00e1 en valor distintos puntos de esparcimiento de la provincia que permiten a todos los visitantes disfrutar de diversas experiencias al aire libre. Algunas de las actividades que se promocionar\u00e1n ser\u00e1n:\u00a0rafting, kayak, actividades n\u00e1uticas a motor y vela en espejos de agua, y\u00a0trekking. A estos atractivos se sumar\u00e1n, los ya conocidos internacionalmente factores que destacan a\u00a0<strong>Mendoza<\/strong>:\u00a0la gastronom\u00eda y el vino.<\/span><\/p>\n<p><span style=\"color: #000000;\">Siguiendo la cultura de los mendocinos, se har\u00e1 hincapi\u00e9 en el cuidado del agua, que es tan valiosa en la provincia, por lo que representa para los visitantes llegar a un oasis en el medio de un desierto donde los mendocinos han desarrollado su vida.\u00a0<\/span><\/p>\n","protected":false},"excerpt":{"rendered":"<p>Con el fin de atraer a visitantes y fomentar el turismo de cercan\u00eda, la provincia tendr\u00e1 promociones especiales este verano para &#8230;<\/p>\n","protected":false},"author":7,"featured_media":130824,"comment_status":"open","ping_status":"open","sticky":false,"template":"","format":"standard","meta":{"footnotes":""},"categories":[5,21],"tags":[],"class_list":["post-130823","post","type-post","status-publish","format-standard","has-post-thumbnail","hentry","category-actualidad","category-turismo-2"],"_links":{"self":[{"href":"https:\/\/vinasfm.com\/noticias\/wp-json\/wp\/v2\/posts\/130823","targetHints":{"allow":["GET"]}}],"collection":[{"href":"https:\/\/vinasfm.com\/noticias\/wp-json\/wp\/v2\/posts"}],"about":[{"href":"https:\/\/vinasfm.com\/noticias\/wp-json\/wp\/v2\/types\/post"}],"author":[{"embeddable":true,"href":"https:\/\/vinasfm.com\/noticias\/wp-json\/wp\/v2\/users\/7"}],"replies":[{"embeddable":true,"href":"https:\/\/vinasfm.com\/noticias\/wp-json\/wp\/v2\/comments?post=130823"}],"version-history":[{"count":1,"href":"https:\/\/vinasfm.com\/noticias\/wp-json\/wp\/v2\/posts\/130823\/revisions"}],"predecessor-version":[{"id":130825,"href":"https:\/\/vinasfm.com\/noticias\/wp-json\/wp\/v2\/posts\/130823\/revisions\/130825"}],"wp:featuredmedia":[{"embeddable":true,"href":"https:\/\/vinasfm.com\/noticias\/wp-json\/wp\/v2\/media\/130824"}],"wp:attachment":[{"href":"https:\/\/vinasfm.com\/noticias\/wp-json\/wp\/v2\/media?parent=130823"}],"wp:term":[{"taxonomy":"category","embeddable":true,"href":"https:\/\/vinasfm.com\/noticias\/wp-json\/wp\/v2\/categories?post=130823"},{"taxonomy":"post_tag","embeddable":true,"href":"https:\/\/vinasfm.com\/noticias\/wp-json\/wp\/v2\/tags?post=130823"}],"curies":[{"name":"wp","href":"https:\/\/api.w.org\/{rel}","templated":true}]}}