{"id":130773,"date":"2023-12-19T11:31:06","date_gmt":"2023-12-19T14:31:06","guid":{"rendered":"https:\/\/vinasfm.com\/noticias\/?p=130773"},"modified":"2023-12-20T10:15:19","modified_gmt":"2023-12-20T13:15:19","slug":"con-la-nueva-legislatura-avanzan-los-proyectos-para-reactivar-yacimientos-de-cobre","status":"publish","type":"post","link":"https:\/\/vinasfm.com\/noticias\/con-la-nueva-legislatura-avanzan-los-proyectos-para-reactivar-yacimientos-de-cobre\/","title":{"rendered":"CON LA NUEVA LEGISLATURA, AVANZAN LOS PROYECTOS PARA REACTIVAR YACIMIENTOS DE COBRE"},"content":{"rendered":"<p><span style=\"color: #000000;\"><strong>Este martes se tratar\u00e1n en el Senado tres proyectos de exploraci\u00f3n. Se prev\u00e9n inversiones por U$S 20 millones. El potencial que tienen.<\/strong><\/span><\/p>\n<p><span style=\"color: #000000;\">El \u00faltimo proyecto que el exgobernador Rodolfo Suarez envi\u00f3 a la Legislatura fue un pedido para reactivar tres\u00a0<strong>proyectos de\u00a0miner\u00eda<\/strong>. Y<strong>\u00a0ser\u00e1\u00a0uno de los primeros en los que avanzar\u00e1 la nueva composici\u00f3n legislativa\u00a0de la era de Alfredo Cornejo<\/strong>.<\/span><\/p>\n<p><span style=\"color: #000000;\">Es que\u00a0este martes la C\u00e1mara de Senadores tratar\u00e1 en la sesi\u00f3n (la segunda con la nueva conformaci\u00f3n plena) los pedidos ingresados semanas atr\u00e1s para reactivar los yacimientos\u00a0<strong>El Burrero, Las Choicas y La Adriana<\/strong>, ubicados en Malarg\u00fce, que pertenecen a la empresa Geometales. Los dos primeros proyectos tienen la Declaraci\u00f3n de Impacto Ambiental (DIA) para la exploraci\u00f3n y el tercero cuenta con una DIA de prospecci\u00f3n.<\/span><\/p>\n<p><span style=\"color: #000000;\">El martes pasado se realiz\u00f3 una nueva\u00a0<strong>reuni\u00f3n conjunta de la Comisiones de Ambiente, Hidrocarburos como as\u00ed tambi\u00e9n Legislaci\u00f3n y Asuntos Constitucionales (LAC)<\/strong>. En esta oportunidad, el encuentro no cont\u00f3 con invitados especiales y los senadores despu\u00e9s de analizar las propuestas en profundidad acordaron que se traten el martes 19.<\/span><\/p>\n<article class=\"article-body article-body--second-paragraph\">\n<h2><span style=\"color: #000000;\">Proyectos con potencial<\/span><\/h2>\n<p><span style=\"color: #000000;\"><strong>Las inversiones estimadas para realizar estos trabajos alcanzan los US$20 millones<\/strong>\u00a0y como ocurre en la mayor\u00eda de los proyectos, se realizar\u00e1n en varias campa\u00f1as.\u00a0<strong>Estos yacimientos de cobre se suman a las tareas que ya se vienen realizando en Hierro Indio y Cerro Amarillo que se encuentra en etapa de exploraci\u00f3n.<\/strong><\/span><\/p>\n<div class=\"__lxG__fixed_width\">\n<p><span style=\"color: #000000;\">Desde la Secretar\u00eda de Ambiente se destac\u00f3 que los tres p\u00f3rfidos de cobre son de alto potencial y en caso de que lleguen a explotaci\u00f3n podr\u00e1n ser desarrollados dentro de la normativa ambiental vigente.<\/span><\/p>\n<p><span style=\"color: #000000;\">En el caso de\u00a0<strong>El Burrero<\/strong>, el proyecto contempla la perforaci\u00f3n de 23 pozos exploratorios, cuya profundidad var\u00eda entre los 400 y 750 m, con el objeto de determinar el perfilaje geof\u00edsico y evaluar el potencial geol\u00f3gico del yacimiento. Mientras que en\u00a0<strong>Las Choicas y La Adriana<\/strong>\u00a0se perforar\u00e1n 17 pozos exploratorios, en cada uno de ellos, de la misma profundidad y con la misma finalidad.<\/span><\/p>\n<p><span style=\"color: #000000;\"><strong>Las Choicas<\/strong>\u00a0se encuentra ubicado a 135 km al NO de la ciudad de Malarg\u00fce y la superficie a utilizar para las tareas de exploraci\u00f3n y el campamento suman unas 350 hect\u00e1reas, dentro de unas 8.853 hect\u00e1reas de concesi\u00f3n. El proyecto El Burrero explorar\u00e1 650 hect\u00e1reas.<\/span><\/p>\n<p><span style=\"color: #000000;\"><strong>En la etapa de exploraci\u00f3n se utilizar\u00e1n sistemas de perforaci\u00f3n similares a los ya se usan en el proyecto de Hierro Indio.<\/strong><\/span><\/p>\n<h2><span style=\"color: #000000;\"><strong>Los planes de Alfredo Cornejo<\/strong><\/span><\/h2>\n<p><span style=\"color: #000000;\">D\u00edas antes de asumir, Cornejo explic\u00f3 su postura respecto a estos proyectos:<strong>\u00a0\u00abQueremos ratificar el rumbo con esos tres proyectos<\/strong>. Creemos que tienen licencia social en la sociedad de Malarg\u00fce. Han pasado ya muchos filtros y esperamos que el sector pol\u00edtico representado en la Legislatura le de la aprobaci\u00f3n y se saque todas las dudas en esas audiencias que ya est\u00e1n previstas\u00bb.<\/span><\/p>\n<p><span style=\"color: #000000;\">\u00abEn la transici\u00f3n de la matriz energ\u00e9tica se requiere de minerales, como el cobre\u00bb, argument\u00f3 el ahora gobernador.<\/span><\/p>\n<\/div>\n<\/article>\n","protected":false},"excerpt":{"rendered":"<p>Este martes se tratar\u00e1n en el Senado tres proyectos de exploraci\u00f3n. Se prev\u00e9n inversiones por U$S 20 millones. El potencial que &#8230;<\/p>\n","protected":false},"author":7,"featured_media":130774,"comment_status":"open","ping_status":"open","sticky":false,"template":"","format":"standard","meta":{"footnotes":""},"categories":[5,48],"tags":[],"class_list":["post-130773","post","type-post","status-publish","format-standard","has-post-thumbnail","hentry","category-actualidad","category-mineria"],"_links":{"self":[{"href":"https:\/\/vinasfm.com\/noticias\/wp-json\/wp\/v2\/posts\/130773","targetHints":{"allow":["GET"]}}],"collection":[{"href":"https:\/\/vinasfm.com\/noticias\/wp-json\/wp\/v2\/posts"}],"about":[{"href":"https:\/\/vinasfm.com\/noticias\/wp-json\/wp\/v2\/types\/post"}],"author":[{"embeddable":true,"href":"https:\/\/vinasfm.com\/noticias\/wp-json\/wp\/v2\/users\/7"}],"replies":[{"embeddable":true,"href":"https:\/\/vinasfm.com\/noticias\/wp-json\/wp\/v2\/comments?post=130773"}],"version-history":[{"count":1,"href":"https:\/\/vinasfm.com\/noticias\/wp-json\/wp\/v2\/posts\/130773\/revisions"}],"predecessor-version":[{"id":130775,"href":"https:\/\/vinasfm.com\/noticias\/wp-json\/wp\/v2\/posts\/130773\/revisions\/130775"}],"wp:featuredmedia":[{"embeddable":true,"href":"https:\/\/vinasfm.com\/noticias\/wp-json\/wp\/v2\/media\/130774"}],"wp:attachment":[{"href":"https:\/\/vinasfm.com\/noticias\/wp-json\/wp\/v2\/media?parent=130773"}],"wp:term":[{"taxonomy":"category","embeddable":true,"href":"https:\/\/vinasfm.com\/noticias\/wp-json\/wp\/v2\/categories?post=130773"},{"taxonomy":"post_tag","embeddable":true,"href":"https:\/\/vinasfm.com\/noticias\/wp-json\/wp\/v2\/tags?post=130773"}],"curies":[{"name":"wp","href":"https:\/\/api.w.org\/{rel}","templated":true}]}}