{"id":130768,"date":"2023-12-19T08:00:01","date_gmt":"2023-12-19T11:00:01","guid":{"rendered":"https:\/\/vinasfm.com\/noticias\/?p=130768"},"modified":"2023-12-20T10:18:48","modified_gmt":"2023-12-20T13:18:48","slug":"pablo-reyes-brindo-un-balance-anual-sobre-la-actividad-de-libres-del-sur-en-el-departamento","status":"publish","type":"post","link":"https:\/\/vinasfm.com\/noticias\/pablo-reyes-brindo-un-balance-anual-sobre-la-actividad-de-libres-del-sur-en-el-departamento\/","title":{"rendered":"PABLO REYES BRIND\u00d3 UN BALANCE ANUAL SOBRE LA ACTIVIDAD DE LIBRES DEL SUR EN EL DEPARTAMENTO"},"content":{"rendered":"<p><span style=\"color: #000000;\"><strong>Durante el 2023 el grupo pol\u00edtico tuvo un importante crecimiento en General Alvear.<\/strong><\/span><\/p>\n<p><span style=\"color: #000000;\">Pablo Reyes es uno de los referentes pol\u00edticos m\u00e1s destacados a nivel local, junto a Libres del Sur logr\u00f3 recorrer el departamento brindando asistencia, acompa\u00f1amiento y contenci\u00f3n a distintos grupos sociales. <strong><em>\u201cSomos, fundamentalmente, un partido pol\u00edtico que busca darle voz a los grupos sociales m\u00e1s vulnerables es por eso que siempre nos encontramos cerca de la gente\u201d<\/em><\/strong>, expres\u00f3.<\/span><\/p>\n<p><span style=\"color: #000000;\">Si bien Libres del Sur lleva cerca de 30 a\u00f1os funcionando en Mendoza, en General Alvear tiene actividad hace solo 2 a\u00f1os. <strong><em>\u201cTenemos un grupo que se ha encargado de estar presente en cada rinc\u00f3n del departamento\u201d<\/em><\/strong>, se\u00f1al\u00f3. Algunas de las actividades m\u00e1s destacadas son el merendero de Carmensa que funciona los d\u00edas viernes en la vivienda de Claudia Riquelme. Tambi\u00e9n se brinda asistencia escolar, de la mano de Cecilia, <strong><em>\u201cnuestro trabajo es reforzar un derecho fundamental que deber\u00eda ser garantizado por el Estado\u201d. <\/em><\/strong><\/span><\/p>\n<p><span style=\"color: #000000;\"><strong><em>\u201cEs necesario coordinar las agrupaciones sociales, los organismos pol\u00edticos y los voluntariados con los organismos del Estado. Hemos tenido la alegr\u00eda de trabajar mano a mano con distintas instituciones estatales que nos abrieron las puertas sin importar el color pol\u00edtico\u201d, <\/em><\/strong>reflexion\u00f3 Reyes y agreg\u00f3<strong><em> \u201ces por eso que cuando nos abren una puerta en cualquier parte del Estado nosotros nos dedicamos a tomar esos recursos\u201d. <\/em><\/strong><\/span><\/p>\n","protected":false},"excerpt":{"rendered":"<p>Durante el 2023 el grupo pol\u00edtico tuvo un importante crecimiento en General Alvear. Pablo Reyes es uno de los referentes pol\u00edticos &#8230;<\/p>\n","protected":false},"author":7,"featured_media":130769,"comment_status":"open","ping_status":"open","sticky":false,"template":"","format":"standard","meta":{"footnotes":""},"categories":[5,7],"tags":[],"class_list":["post-130768","post","type-post","status-publish","format-standard","has-post-thumbnail","hentry","category-actualidad","category-politica"],"_links":{"self":[{"href":"https:\/\/vinasfm.com\/noticias\/wp-json\/wp\/v2\/posts\/130768","targetHints":{"allow":["GET"]}}],"collection":[{"href":"https:\/\/vinasfm.com\/noticias\/wp-json\/wp\/v2\/posts"}],"about":[{"href":"https:\/\/vinasfm.com\/noticias\/wp-json\/wp\/v2\/types\/post"}],"author":[{"embeddable":true,"href":"https:\/\/vinasfm.com\/noticias\/wp-json\/wp\/v2\/users\/7"}],"replies":[{"embeddable":true,"href":"https:\/\/vinasfm.com\/noticias\/wp-json\/wp\/v2\/comments?post=130768"}],"version-history":[{"count":1,"href":"https:\/\/vinasfm.com\/noticias\/wp-json\/wp\/v2\/posts\/130768\/revisions"}],"predecessor-version":[{"id":130770,"href":"https:\/\/vinasfm.com\/noticias\/wp-json\/wp\/v2\/posts\/130768\/revisions\/130770"}],"wp:featuredmedia":[{"embeddable":true,"href":"https:\/\/vinasfm.com\/noticias\/wp-json\/wp\/v2\/media\/130769"}],"wp:attachment":[{"href":"https:\/\/vinasfm.com\/noticias\/wp-json\/wp\/v2\/media?parent=130768"}],"wp:term":[{"taxonomy":"category","embeddable":true,"href":"https:\/\/vinasfm.com\/noticias\/wp-json\/wp\/v2\/categories?post=130768"},{"taxonomy":"post_tag","embeddable":true,"href":"https:\/\/vinasfm.com\/noticias\/wp-json\/wp\/v2\/tags?post=130768"}],"curies":[{"name":"wp","href":"https:\/\/api.w.org\/{rel}","templated":true}]}}