{"id":130763,"date":"2023-12-19T09:34:45","date_gmt":"2023-12-19T12:34:45","guid":{"rendered":"https:\/\/vinasfm.com\/noticias\/?p=130763"},"modified":"2023-12-20T10:17:00","modified_gmt":"2023-12-20T13:17:00","slug":"este-martes-inician-las-actividades-de-la-colonia-para-personas-con-discapacidad","status":"publish","type":"post","link":"https:\/\/vinasfm.com\/noticias\/este-martes-inician-las-actividades-de-la-colonia-para-personas-con-discapacidad\/","title":{"rendered":"INICIARON LAS ACTIVIDADES DE LA COLONIA PARA PERSONAS CON DISCAPACIDAD"},"content":{"rendered":"<p><span style=\"color: #000000;\"><strong><em>Las actividades se realizan en conjunto entre la Direcci\u00f3n de Familia y la Asesor\u00eda de Persona con Discapacidad. <\/em><\/strong><\/span><\/p>\n<p><span style=\"color: #000000;\">Gabriela Arzelan, Directora de Familia, se\u00f1al\u00f3 que<strong><em> \u201ciniciar las actividades esta semana es posible gracias a la pronta gesti\u00f3n del Sr. Intendente Alejandro Molero quien se encarg\u00f3 de que las instalaciones fueran adecuadas para el disfrute general\u201d. <\/em><\/strong><\/span><\/p>\n<p><span style=\"color: #000000;\">Durante la temporada de verano 2022-2023, la Colonia para Personas con Discapacidad, funcion\u00f3 en Ciudad y esta temporada tambi\u00e9n lo har\u00e1 en Bowen. Viviana Lima, Asesora de Discapacidad, explic\u00f3 que <strong><em>\u201cse ha realizado una restructuraci\u00f3n del personal que trabaj\u00f3 en la temporada anterior. Adem\u00e1s, tendr\u00e1 funcionamiento en Bowen y en Carmensa, en donde funcionar\u00e1 un d\u00eda a la semana\u201d. <\/em><\/strong><\/span><\/p>\n<p><span style=\"color: #000000;\">Lima tambi\u00e9n explic\u00f3 que hay dos grupos dentro de la Colonia para Personas con Discapacidad<strong><em>, \u201cpor un lado tenemos al grupo de adultos que trabajaran de manera separada y, por el otro, el grupo de ni\u00f1os que trabajan de manera integrada con maestras y otros colonos\u201d. <\/em><\/strong>Adem\u00e1s, la Asesora de Discapacidad, se\u00f1al\u00f3 que <strong><em>\u201cdurante enero se ejecutar\u00e1 el Programa de Escuela Deportiva de Verano, direccionada a adolescentes con discapacidad\u201d.<\/em><\/strong><\/span><\/p>\n","protected":false},"excerpt":{"rendered":"<p>Las actividades se realizan en conjunto entre la Direcci\u00f3n de Familia y la Asesor\u00eda de Persona con Discapacidad. Gabriela Arzelan, Directora &#8230;<\/p>\n","protected":false},"author":7,"featured_media":130764,"comment_status":"open","ping_status":"open","sticky":false,"template":"","format":"standard","meta":{"footnotes":""},"categories":[5,11],"tags":[],"class_list":["post-130763","post","type-post","status-publish","format-standard","has-post-thumbnail","hentry","category-actualidad","category-sociales"],"_links":{"self":[{"href":"https:\/\/vinasfm.com\/noticias\/wp-json\/wp\/v2\/posts\/130763","targetHints":{"allow":["GET"]}}],"collection":[{"href":"https:\/\/vinasfm.com\/noticias\/wp-json\/wp\/v2\/posts"}],"about":[{"href":"https:\/\/vinasfm.com\/noticias\/wp-json\/wp\/v2\/types\/post"}],"author":[{"embeddable":true,"href":"https:\/\/vinasfm.com\/noticias\/wp-json\/wp\/v2\/users\/7"}],"replies":[{"embeddable":true,"href":"https:\/\/vinasfm.com\/noticias\/wp-json\/wp\/v2\/comments?post=130763"}],"version-history":[{"count":3,"href":"https:\/\/vinasfm.com\/noticias\/wp-json\/wp\/v2\/posts\/130763\/revisions"}],"predecessor-version":[{"id":130816,"href":"https:\/\/vinasfm.com\/noticias\/wp-json\/wp\/v2\/posts\/130763\/revisions\/130816"}],"wp:featuredmedia":[{"embeddable":true,"href":"https:\/\/vinasfm.com\/noticias\/wp-json\/wp\/v2\/media\/130764"}],"wp:attachment":[{"href":"https:\/\/vinasfm.com\/noticias\/wp-json\/wp\/v2\/media?parent=130763"}],"wp:term":[{"taxonomy":"category","embeddable":true,"href":"https:\/\/vinasfm.com\/noticias\/wp-json\/wp\/v2\/categories?post=130763"},{"taxonomy":"post_tag","embeddable":true,"href":"https:\/\/vinasfm.com\/noticias\/wp-json\/wp\/v2\/tags?post=130763"}],"curies":[{"name":"wp","href":"https:\/\/api.w.org\/{rel}","templated":true}]}}