{"id":130750,"date":"2023-12-19T08:16:23","date_gmt":"2023-12-19T11:16:23","guid":{"rendered":"https:\/\/vinasfm.com\/noticias\/?p=130750"},"modified":"2023-12-20T10:18:22","modified_gmt":"2023-12-20T13:18:22","slug":"iniciaron-las-colonias-de-verano-temporada-2023-2024","status":"publish","type":"post","link":"https:\/\/vinasfm.com\/noticias\/iniciaron-las-colonias-de-verano-temporada-2023-2024\/","title":{"rendered":"INICIARON LAS COLONIAS DE VERANO TEMPORADA 2023 &#8211; 2024"},"content":{"rendered":"<p><span style=\"color: #000000;\"><strong>La temporada de\u00a0colonia\u00a0de\u00a0verano, dio\u00a0inicio\u00a0en la ma\u00f1ana de este lunes. Como siempre hay una gran cantidad de colonos inscriptos, que disfrutar\u00e1n de numerosas actividades y un\u00a0verano\u00a0inolvidable.<\/strong><\/span><\/p>\n<p><span style=\"color: #000000;\">Las actividades inician a las 9:00 horas en el polideportivo donde los chicos son recibidos por los profesores que tienen las tareas programadas, luego se distribuyen en los diferentes grupos etarios y a las 12:30 horas despu\u00e9s de la pileta libre se retiran.<\/span><\/p>\n<p><a href=\"https:\/\/vinasfm.com\/noticias\/wp-content\/uploads\/2023\/12\/Inicio-Colonia-de-Vacaciones-1-scaled.jpg\"><img loading=\"lazy\" decoding=\"async\" class=\"alignnone wp-image-130752\" src=\"https:\/\/vinasfm.com\/noticias\/wp-content\/uploads\/2023\/12\/Inicio-Colonia-de-Vacaciones-1-1024x683.jpg\" alt=\"\" width=\"350\" height=\"233\" srcset=\"https:\/\/vinasfm.com\/noticias\/wp-content\/uploads\/2023\/12\/Inicio-Colonia-de-Vacaciones-1-1024x683.jpg 1024w, https:\/\/vinasfm.com\/noticias\/wp-content\/uploads\/2023\/12\/Inicio-Colonia-de-Vacaciones-1-300x200.jpg 300w, https:\/\/vinasfm.com\/noticias\/wp-content\/uploads\/2023\/12\/Inicio-Colonia-de-Vacaciones-1-768x512.jpg 768w, https:\/\/vinasfm.com\/noticias\/wp-content\/uploads\/2023\/12\/Inicio-Colonia-de-Vacaciones-1-1536x1024.jpg 1536w, https:\/\/vinasfm.com\/noticias\/wp-content\/uploads\/2023\/12\/Inicio-Colonia-de-Vacaciones-1-2048x1365.jpg 2048w\" sizes=\"auto, (max-width: 350px) 100vw, 350px\" \/><\/a> <a href=\"https:\/\/vinasfm.com\/noticias\/wp-content\/uploads\/2023\/12\/Inicio-Colonia-de-Vacaciones-4-scaled.jpg\"><img loading=\"lazy\" decoding=\"async\" class=\"alignnone wp-image-130753\" src=\"https:\/\/vinasfm.com\/noticias\/wp-content\/uploads\/2023\/12\/Inicio-Colonia-de-Vacaciones-4-1024x683.jpg\" alt=\"\" width=\"350\" height=\"233\" srcset=\"https:\/\/vinasfm.com\/noticias\/wp-content\/uploads\/2023\/12\/Inicio-Colonia-de-Vacaciones-4-1024x683.jpg 1024w, https:\/\/vinasfm.com\/noticias\/wp-content\/uploads\/2023\/12\/Inicio-Colonia-de-Vacaciones-4-300x200.jpg 300w, https:\/\/vinasfm.com\/noticias\/wp-content\/uploads\/2023\/12\/Inicio-Colonia-de-Vacaciones-4-768x512.jpg 768w, https:\/\/vinasfm.com\/noticias\/wp-content\/uploads\/2023\/12\/Inicio-Colonia-de-Vacaciones-4-1536x1024.jpg 1536w, https:\/\/vinasfm.com\/noticias\/wp-content\/uploads\/2023\/12\/Inicio-Colonia-de-Vacaciones-4-2048x1365.jpg 2048w\" sizes=\"auto, (max-width: 350px) 100vw, 350px\" \/><\/a><\/p>\n<p><span style=\"color: #000000;\">En esta temporada se inscribieron 900 chicos que estar\u00e1n bajo la atenci\u00f3n de m\u00e1s de 50 profesores que cuidar\u00e1n la seguridad de los colonos manteniendo la operatividad de las actividades.<\/span><\/p>\n<p><span style=\"color: #000000;\">El Director de Deporte Alberto G\u00f3mez se refiri\u00f3 que a pesar del d\u00eda fr\u00edo los chicos llegaron al polideportivo y realizaron diferentes tareas <em><strong>\u201ctendremos actividades normales con opciones diferentes y entretenidas para los d\u00edas que no podemos ir a la pileta\u201d.<\/strong><\/em><\/span><\/p>\n<p><span style=\"color: #000000;\">Adem\u00e1s, G\u00f3mez agreg\u00f3 que en paralelo se dio inicio en las piletas de los Distritos de San Pedro del Atuel y Bowen,<strong><em> \u201cel objetivo fue iniciar todos juntos y estamos muy contentos porque est\u00e1n todas llenas y se ha logrado lo que ten\u00edamos organizado\u201d.<\/em><\/strong><\/span><\/p>\n","protected":false},"excerpt":{"rendered":"<p>La temporada de\u00a0colonia\u00a0de\u00a0verano, dio\u00a0inicio\u00a0en la ma\u00f1ana de este lunes. Como siempre hay una gran cantidad de colonos inscriptos, que disfrutar\u00e1n de &#8230;<\/p>\n","protected":false},"author":7,"featured_media":130751,"comment_status":"open","ping_status":"open","sticky":false,"template":"","format":"standard","meta":{"footnotes":""},"categories":[5,3],"tags":[],"class_list":["post-130750","post","type-post","status-publish","format-standard","has-post-thumbnail","hentry","category-actualidad","category-deportes"],"_links":{"self":[{"href":"https:\/\/vinasfm.com\/noticias\/wp-json\/wp\/v2\/posts\/130750","targetHints":{"allow":["GET"]}}],"collection":[{"href":"https:\/\/vinasfm.com\/noticias\/wp-json\/wp\/v2\/posts"}],"about":[{"href":"https:\/\/vinasfm.com\/noticias\/wp-json\/wp\/v2\/types\/post"}],"author":[{"embeddable":true,"href":"https:\/\/vinasfm.com\/noticias\/wp-json\/wp\/v2\/users\/7"}],"replies":[{"embeddable":true,"href":"https:\/\/vinasfm.com\/noticias\/wp-json\/wp\/v2\/comments?post=130750"}],"version-history":[{"count":1,"href":"https:\/\/vinasfm.com\/noticias\/wp-json\/wp\/v2\/posts\/130750\/revisions"}],"predecessor-version":[{"id":130754,"href":"https:\/\/vinasfm.com\/noticias\/wp-json\/wp\/v2\/posts\/130750\/revisions\/130754"}],"wp:featuredmedia":[{"embeddable":true,"href":"https:\/\/vinasfm.com\/noticias\/wp-json\/wp\/v2\/media\/130751"}],"wp:attachment":[{"href":"https:\/\/vinasfm.com\/noticias\/wp-json\/wp\/v2\/media?parent=130750"}],"wp:term":[{"taxonomy":"category","embeddable":true,"href":"https:\/\/vinasfm.com\/noticias\/wp-json\/wp\/v2\/categories?post=130750"},{"taxonomy":"post_tag","embeddable":true,"href":"https:\/\/vinasfm.com\/noticias\/wp-json\/wp\/v2\/tags?post=130750"}],"curies":[{"name":"wp","href":"https:\/\/api.w.org\/{rel}","templated":true}]}}