{"id":130686,"date":"2023-12-18T08:32:14","date_gmt":"2023-12-18T11:32:14","guid":{"rendered":"https:\/\/vinasfm.com\/noticias\/?p=130686"},"modified":"2023-12-18T10:30:19","modified_gmt":"2023-12-18T13:30:19","slug":"durante-el-fin-de-semana-tuvieron-lugar-5-nuevos-robos","status":"publish","type":"post","link":"https:\/\/vinasfm.com\/noticias\/durante-el-fin-de-semana-tuvieron-lugar-5-nuevos-robos\/","title":{"rendered":"DURANTE EL FIN DE SEMANA TUVIERON LUGAR 5 NUEVOS ROBOS"},"content":{"rendered":"<p><span style=\"color: #000000;\"><strong>Delincuentes sustrajeron desde una bicicleta hasta 14 cajas de 20 kilos de carne, en distintos hechos delictivos.\u00a0<\/strong><\/span><\/p>\n<p><span style=\"color: #000000;\">El d\u00eda viernes, en horas de la noche<strong>, personal policial trabaj\u00f3 un procedimiento en inmediaciones de calle Alberdi al 230.<\/strong> En el lugar, <strong>la v\u00edctima da cuenta que en circunstancias de regresar a su domicilio observa en la vereda a un joven de unos 18 a\u00f1os de edad, el cual le manifiesta que se le hab\u00eda ca\u00eddo la pelota en el patio trasero de su vivienda<\/strong>; ante ello la v\u00edctima ingresa al domicilio a buscarla, <strong>cuando sale constata que este ciudadano se hab\u00eda retirado del lugar sustray\u00e9ndole un tel\u00e9fono celular. <\/strong>Desde Comisar\u00eda 4 recomiendan tener en cuenta que la excusa de la pelota, ya que fue un ardid de este sujeto para poder cometer el hecho.<\/span><\/p>\n<p><span style=\"color: #000000;\">El d\u00eda s\u00e1bado, la v\u00edctima denunci\u00f3 que el <strong>d\u00eda viernes, siendo las 21 horas aproximadamente<\/strong>; dej\u00f3 <strong>su bicicleta todo terreno marca Vairo, rodado 29, estacionada en el bicicletero del gimnasio ubicado en Avenida Libertador Norte al 40 sin medidas de seguridad<\/strong> y al salir cerca de las 22:00 horas constata que <strong>la misma hab\u00eda sido sustra\u00eddo.<\/strong><\/span><\/p>\n<p><span style=\"color: #000000;\">En la madrugada del domingo, personal policial es desplazado <strong>a Calle Espa\u00f1a el 330 aproximadamente<\/strong>, donde se entrevista la v\u00edctima la cual da cuenta <strong>que dej\u00f3 en la vereda una moto Corven 110 cc encendida<\/strong>, e ingres\u00f3 a su domicilio a buscar abrigo y casco, <strong>cuando sali\u00f3 luego de unos minutos constata que personas desconocidas se la hab\u00edan sustra\u00eddo.<\/strong><\/span><\/p>\n<p><span style=\"color: #000000;\">Durante la jornada del domingo, siendo la hora 21:00 aproximadamente, <strong>se toma conocimiento de un il\u00edcito ocurrido en avenida Libertador Norte y Alpatacal.<\/strong> En el lugar se encontraba estacionado un veh\u00edculo <strong>Peugeot 206, el cual fue siniestrado por personas desconocidas rompi\u00e9ndole un vidrio a posterior abri\u00e9ndole el capot para posteriormente sustraer la bater\u00eda.<\/strong><\/span><\/p>\n<p><span style=\"color: #000000;\">Por \u00faltimo, siendo las 23:00 horas, se toma conocimiento que de un cami\u00f3n t\u00e9rmico que se encontraba estacionado en Avenida Alvear Este y Circunvalaci\u00f3n, al costado de la Estaci\u00f3n de Servicio de la Ruta 188; <strong>personas desconocidas procedieron a sustraer del t\u00e9rmico del rodado, 14 cajas de 20 kilos de carne envasada al vac\u00edo y tres costillares<\/strong>. El conductor del rodado <strong>se encontraba en el interior del cami\u00f3n durmiendo y el t\u00e9rmico no ten\u00eda medidas de seguridad colocada<\/strong> (llave), los autores del hecho procedieron solamente a la rotura del precinto de seguridad para despu\u00e9s cometer le hecho.<\/span><\/p>\n","protected":false},"excerpt":{"rendered":"<p>Delincuentes sustrajeron desde una bicicleta hasta 14 cajas de 20 kilos de carne, en distintos hechos delictivos.\u00a0 El d\u00eda viernes, en &#8230;<\/p>\n","protected":false},"author":7,"featured_media":118247,"comment_status":"open","ping_status":"open","sticky":false,"template":"","format":"standard","meta":{"footnotes":""},"categories":[5,4],"tags":[],"class_list":["post-130686","post","type-post","status-publish","format-standard","has-post-thumbnail","hentry","category-actualidad","category-policiales"],"_links":{"self":[{"href":"https:\/\/vinasfm.com\/noticias\/wp-json\/wp\/v2\/posts\/130686","targetHints":{"allow":["GET"]}}],"collection":[{"href":"https:\/\/vinasfm.com\/noticias\/wp-json\/wp\/v2\/posts"}],"about":[{"href":"https:\/\/vinasfm.com\/noticias\/wp-json\/wp\/v2\/types\/post"}],"author":[{"embeddable":true,"href":"https:\/\/vinasfm.com\/noticias\/wp-json\/wp\/v2\/users\/7"}],"replies":[{"embeddable":true,"href":"https:\/\/vinasfm.com\/noticias\/wp-json\/wp\/v2\/comments?post=130686"}],"version-history":[{"count":2,"href":"https:\/\/vinasfm.com\/noticias\/wp-json\/wp\/v2\/posts\/130686\/revisions"}],"predecessor-version":[{"id":130688,"href":"https:\/\/vinasfm.com\/noticias\/wp-json\/wp\/v2\/posts\/130686\/revisions\/130688"}],"wp:featuredmedia":[{"embeddable":true,"href":"https:\/\/vinasfm.com\/noticias\/wp-json\/wp\/v2\/media\/118247"}],"wp:attachment":[{"href":"https:\/\/vinasfm.com\/noticias\/wp-json\/wp\/v2\/media?parent=130686"}],"wp:term":[{"taxonomy":"category","embeddable":true,"href":"https:\/\/vinasfm.com\/noticias\/wp-json\/wp\/v2\/categories?post=130686"},{"taxonomy":"post_tag","embeddable":true,"href":"https:\/\/vinasfm.com\/noticias\/wp-json\/wp\/v2\/tags?post=130686"}],"curies":[{"name":"wp","href":"https:\/\/api.w.org\/{rel}","templated":true}]}}