{"id":130656,"date":"2023-12-14T10:29:03","date_gmt":"2023-12-14T13:29:03","guid":{"rendered":"https:\/\/vinasfm.com\/noticias\/?p=130656"},"modified":"2023-12-15T09:35:36","modified_gmt":"2023-12-15T12:35:36","slug":"carlos-achetoni-analizo-las-primeras-medidas-economicas-del-gobierno-nacional","status":"publish","type":"post","link":"https:\/\/vinasfm.com\/noticias\/carlos-achetoni-analizo-las-primeras-medidas-economicas-del-gobierno-nacional\/","title":{"rendered":"CARLOS ACHETONI ANALIZ\u00d3 LAS PRIMERAS MEDIDAS ECON\u00d3MICAS DEL GOBIERNO NACIONAL"},"content":{"rendered":"<p><strong>El titular de la Federaci\u00f3n Agraria Argentina sostuvo que \u201chay anuncios camuflados\u201d.<\/strong><\/p>\n<p>El d\u00eda martes, desde el Ministerio de Econom\u00eda, fueron anunciadas las primeras medidas medidas econ\u00f3micas que tom\u00f3 el Gobierno de Javier Milei. En un an\u00e1lisis de las mismas, Achetoni se\u00f1al\u00f3 que <strong><em>\u201chay anuncios camuflados\u00bb<\/em><\/strong> y argument\u00f3 <strong><em>\u201cprimero se dec\u00eda que se iba a descomprimir la presi\u00f3n sobre el sector agropecuario, y\u00a0al otro d\u00eda se pronuncia la posibilidad de este 15% de retenciones para todas las actividades agropecuarias\u00bb.<\/em><\/strong><\/p>\n<p>El titular de la\u00a0Federaci\u00f3n Agraria,\u00a0coment\u00f3 sobre las dificultades que podr\u00edan tener dentro del mercado interno:<strong><em>\u201cVenimos de a\u00f1os muy complejos con la sequ\u00eda. Los productores est\u00e1n en situaci\u00f3n de quebranto.\u00a0Pero si nos presionan con m\u00e1s impuestos es muy dificultoso seguir adelante.\u00a0Se est\u00e1 produciendo m\u00e1s presi\u00f3n sobre un sector que debe producir m\u00e1s\u201d<\/em><\/strong>, sentenci\u00f3.<\/p>\n<p>Achetoni subray\u00f3: <strong><em>\u00abA todos nos iba a tocar, lo que sucede es que la gente est\u00e1 viendo que tiene que hacer un esfuerzo y no ve el esfuerzo que tiene que hacer la casta\u00bb.<\/em><\/strong><\/p>\n","protected":false},"excerpt":{"rendered":"<p>El titular de la Federaci\u00f3n Agraria Argentina sostuvo que \u201chay anuncios camuflados\u201d. El d\u00eda martes, desde el Ministerio de Econom\u00eda, fueron &#8230;<\/p>\n","protected":false},"author":7,"featured_media":79409,"comment_status":"open","ping_status":"open","sticky":false,"template":"","format":"standard","meta":{"footnotes":""},"categories":[5,10],"tags":[],"class_list":["post-130656","post","type-post","status-publish","format-standard","has-post-thumbnail","hentry","category-actualidad","category-destacadas"],"_links":{"self":[{"href":"https:\/\/vinasfm.com\/noticias\/wp-json\/wp\/v2\/posts\/130656","targetHints":{"allow":["GET"]}}],"collection":[{"href":"https:\/\/vinasfm.com\/noticias\/wp-json\/wp\/v2\/posts"}],"about":[{"href":"https:\/\/vinasfm.com\/noticias\/wp-json\/wp\/v2\/types\/post"}],"author":[{"embeddable":true,"href":"https:\/\/vinasfm.com\/noticias\/wp-json\/wp\/v2\/users\/7"}],"replies":[{"embeddable":true,"href":"https:\/\/vinasfm.com\/noticias\/wp-json\/wp\/v2\/comments?post=130656"}],"version-history":[{"count":1,"href":"https:\/\/vinasfm.com\/noticias\/wp-json\/wp\/v2\/posts\/130656\/revisions"}],"predecessor-version":[{"id":130657,"href":"https:\/\/vinasfm.com\/noticias\/wp-json\/wp\/v2\/posts\/130656\/revisions\/130657"}],"wp:featuredmedia":[{"embeddable":true,"href":"https:\/\/vinasfm.com\/noticias\/wp-json\/wp\/v2\/media\/79409"}],"wp:attachment":[{"href":"https:\/\/vinasfm.com\/noticias\/wp-json\/wp\/v2\/media?parent=130656"}],"wp:term":[{"taxonomy":"category","embeddable":true,"href":"https:\/\/vinasfm.com\/noticias\/wp-json\/wp\/v2\/categories?post=130656"},{"taxonomy":"post_tag","embeddable":true,"href":"https:\/\/vinasfm.com\/noticias\/wp-json\/wp\/v2\/tags?post=130656"}],"curies":[{"name":"wp","href":"https:\/\/api.w.org\/{rel}","templated":true}]}}