{"id":130648,"date":"2023-12-15T09:10:08","date_gmt":"2023-12-15T12:10:08","guid":{"rendered":"https:\/\/vinasfm.com\/noticias\/?p=130648"},"modified":"2023-12-18T08:47:14","modified_gmt":"2023-12-18T11:47:14","slug":"se-entregaron-100-mochilas-con-materiales-para-alumnos-de-enfermeria-del-ies-salvador-calafat","status":"publish","type":"post","link":"https:\/\/vinasfm.com\/noticias\/se-entregaron-100-mochilas-con-materiales-para-alumnos-de-enfermeria-del-ies-salvador-calafat\/","title":{"rendered":"SE ENTREGARON 100 MOCHILAS CON MATERIALES PARA ALUMNOS DE ENFERMERIA DEL IES SALVADOR CALAFAT"},"content":{"rendered":"<p><span style=\"color: #000000;\"><strong>El Director de Educaci\u00f3n de la Municipalidad particip\u00f3 de la entrega de mochilas con instrumentos de enfermer\u00eda que realiz\u00f3 el IES 9-007 Dr. Salvador Calafat a los alumnos de 2\u00b0 a\u00f1os que realizan las pr\u00e1cticas profesionales.<\/strong><\/span><\/p>\n<p><span style=\"color: #000000;\">Son m\u00e1s de 300 alumnos que estudian enfermer\u00eda en esta instituci\u00f3n y desde hace 4 a\u00f1os se realiza esta entrega de materiales del PRONAFE (Programa Nacional de Formaci\u00f3n de Enfermer\u00eda) para facilitar las pr\u00e1cticas de los futuros enfermeros.<\/span><\/p>\n<p><span style=\"color: #000000;\">Este 2023 se otorgaron 100 mochilas que contienen estetoscopios; un term\u00f3metro cl\u00ednico digital; un ox\u00edmetro de pulso autocontenido; una linterna cl\u00ednica; un reloj anal\u00f3gico con segundero; un lazo hemost\u00e1tico para la extracci\u00f3n de sangre; anteojos de seguridad; una tijera de Lister para cortar vendas y ropa; guantes de examinaci\u00f3n de l\u00e1tex; un descartador de agujas de bolsillo; un tensi\u00f3metro para adultos y ni\u00f1os; una cinta obst\u00e9trica; una cinta para per\u00edmetro cef\u00e1lico; una caja de curaciones completa; entre otros elementos.<\/span><\/p>\n<p><a href=\"https:\/\/vinasfm.com\/noticias\/wp-content\/uploads\/2023\/12\/MG_4650.jpg\"><img loading=\"lazy\" decoding=\"async\" class=\"alignnone wp-image-130650\" src=\"https:\/\/vinasfm.com\/noticias\/wp-content\/uploads\/2023\/12\/MG_4650-1024x576.jpg\" alt=\"\" width=\"350\" height=\"197\" srcset=\"https:\/\/vinasfm.com\/noticias\/wp-content\/uploads\/2023\/12\/MG_4650-1024x576.jpg 1024w, https:\/\/vinasfm.com\/noticias\/wp-content\/uploads\/2023\/12\/MG_4650-300x169.jpg 300w, https:\/\/vinasfm.com\/noticias\/wp-content\/uploads\/2023\/12\/MG_4650-768x432.jpg 768w, https:\/\/vinasfm.com\/noticias\/wp-content\/uploads\/2023\/12\/MG_4650-1536x864.jpg 1536w, https:\/\/vinasfm.com\/noticias\/wp-content\/uploads\/2023\/12\/MG_4650-750x420.jpg 750w, https:\/\/vinasfm.com\/noticias\/wp-content\/uploads\/2023\/12\/MG_4650-1140x641.jpg 1140w, https:\/\/vinasfm.com\/noticias\/wp-content\/uploads\/2023\/12\/MG_4650.jpg 1920w\" sizes=\"auto, (max-width: 350px) 100vw, 350px\" \/><\/a> <a href=\"https:\/\/vinasfm.com\/noticias\/wp-content\/uploads\/2023\/12\/MG_4655-1.jpg\"><img loading=\"lazy\" decoding=\"async\" class=\"alignnone wp-image-130651\" src=\"https:\/\/vinasfm.com\/noticias\/wp-content\/uploads\/2023\/12\/MG_4655-1-1024x576.jpg\" alt=\"\" width=\"350\" height=\"197\" srcset=\"https:\/\/vinasfm.com\/noticias\/wp-content\/uploads\/2023\/12\/MG_4655-1-1024x576.jpg 1024w, https:\/\/vinasfm.com\/noticias\/wp-content\/uploads\/2023\/12\/MG_4655-1-300x169.jpg 300w, https:\/\/vinasfm.com\/noticias\/wp-content\/uploads\/2023\/12\/MG_4655-1-768x432.jpg 768w, https:\/\/vinasfm.com\/noticias\/wp-content\/uploads\/2023\/12\/MG_4655-1-1536x864.jpg 1536w, https:\/\/vinasfm.com\/noticias\/wp-content\/uploads\/2023\/12\/MG_4655-1-750x420.jpg 750w, https:\/\/vinasfm.com\/noticias\/wp-content\/uploads\/2023\/12\/MG_4655-1-1140x641.jpg 1140w, https:\/\/vinasfm.com\/noticias\/wp-content\/uploads\/2023\/12\/MG_4655-1.jpg 1920w\" sizes=\"auto, (max-width: 350px) 100vw, 350px\" \/><\/a><\/p>\n<p><span style=\"color: #000000;\"><strong><em>\u201cEstos materiales nos ayudan mucho a realizar las pr\u00e1cticas, es una herramienta de trabajo fundamental, todos sabemos por el momento que estamos pasando y los materiales est\u00e1n muy caros, verdaderamente es una contribuci\u00f3n gigante la que nos dan, sin duda estamos muy agradecidos\u201d<\/em><\/strong> dijo Bel\u00e9n, estudiante de enfermer\u00eda del IES 9-007 Dr. Salvador Calafat<\/span><\/p>\n<p><span style=\"color: #000000;\">Por su parte Jos\u00e9 Mor\u00e1n, Director de Educaci\u00f3n destac\u00f3 que<em><strong> \u201cdesde que recibimos la invitaci\u00f3n de Mauro Torres quisimos ser parte de la entrega de estas mochilas, son instrumentos de muy buena calidad que les servir\u00e1 para realizar sus pr\u00e1cticas, este equipamiento le da jerarqu\u00eda a sus carreras. Es importante que sepan que desde la gesti\u00f3n de Alejandro Molero vamos a poner mucho \u00e9nfasis en las carreras de nivel superior, apoyaremos toda la educaci\u00f3n pero sabemos que estos chicos est\u00e1n form\u00e1ndose y ya son pr\u00e1cticamente profesionales\u201d<\/strong><\/em><\/span><\/p>\n<p><a href=\"https:\/\/vinasfm.com\/noticias\/wp-content\/uploads\/2023\/12\/MG_4659.jpg\"><img loading=\"lazy\" decoding=\"async\" class=\"alignnone wp-image-130652\" src=\"https:\/\/vinasfm.com\/noticias\/wp-content\/uploads\/2023\/12\/MG_4659-1024x576.jpg\" alt=\"\" width=\"350\" height=\"197\" srcset=\"https:\/\/vinasfm.com\/noticias\/wp-content\/uploads\/2023\/12\/MG_4659-1024x576.jpg 1024w, https:\/\/vinasfm.com\/noticias\/wp-content\/uploads\/2023\/12\/MG_4659-300x169.jpg 300w, https:\/\/vinasfm.com\/noticias\/wp-content\/uploads\/2023\/12\/MG_4659-768x432.jpg 768w, https:\/\/vinasfm.com\/noticias\/wp-content\/uploads\/2023\/12\/MG_4659-1536x864.jpg 1536w, https:\/\/vinasfm.com\/noticias\/wp-content\/uploads\/2023\/12\/MG_4659-750x420.jpg 750w, https:\/\/vinasfm.com\/noticias\/wp-content\/uploads\/2023\/12\/MG_4659-1140x641.jpg 1140w, https:\/\/vinasfm.com\/noticias\/wp-content\/uploads\/2023\/12\/MG_4659.jpg 1920w\" sizes=\"auto, (max-width: 350px) 100vw, 350px\" \/><\/a> <a href=\"https:\/\/vinasfm.com\/noticias\/wp-content\/uploads\/2023\/12\/MG_4661.jpg\"><img loading=\"lazy\" decoding=\"async\" class=\"alignnone wp-image-130653\" src=\"https:\/\/vinasfm.com\/noticias\/wp-content\/uploads\/2023\/12\/MG_4661.jpg\" alt=\"\" width=\"350\" height=\"197\" srcset=\"https:\/\/vinasfm.com\/noticias\/wp-content\/uploads\/2023\/12\/MG_4661.jpg 1920w, https:\/\/vinasfm.com\/noticias\/wp-content\/uploads\/2023\/12\/MG_4661-300x169.jpg 300w, https:\/\/vinasfm.com\/noticias\/wp-content\/uploads\/2023\/12\/MG_4661-1024x576.jpg 1024w, https:\/\/vinasfm.com\/noticias\/wp-content\/uploads\/2023\/12\/MG_4661-768x432.jpg 768w, https:\/\/vinasfm.com\/noticias\/wp-content\/uploads\/2023\/12\/MG_4661-1536x864.jpg 1536w, https:\/\/vinasfm.com\/noticias\/wp-content\/uploads\/2023\/12\/MG_4661-750x420.jpg 750w, https:\/\/vinasfm.com\/noticias\/wp-content\/uploads\/2023\/12\/MG_4661-1140x641.jpg 1140w\" sizes=\"auto, (max-width: 350px) 100vw, 350px\" \/><\/a><\/p>\n<p><span style=\"color: #000000;\">Mauro Torres, rector del IES 9-007 Dr. Salvador Calafat, expuso que <em><strong>\u201clos alumnos han estado con muchas expectativas, porque ya saben que llegan estos materiales que adem\u00e1s de ser de excelente calidad son instrumentos que son de valores altos\u201d.<\/strong><\/em><\/span><\/p>\n<p><span style=\"color: #000000;\"><strong><em>\u201cEs una inversi\u00f3n muy importante, hablamos de m\u00e1s de $120mil que deber\u00edan invertir hoy los chicos, adem\u00e1s es un est\u00edmulo m\u00e1s para los alumnos ya que al momento de realizar las pr\u00e1cticas tienen sus instrumentos propios. Este equipamiento favorece mucho al momento de capacitarse, es muy importante participar del Programa Nacional de Enfermer\u00eda ya que nos da la posibilidad de trabajar en lugares no tan institucionalizados, ni tan tradicionales\u201d.<\/em><\/strong><\/span><\/p>\n<p><span style=\"color: #000000;\"><strong><em>\u201cHablamos de lugares tales como hogares de d\u00eda, cuidado de adultos mayores, de personas con discapacidad, geri\u00e1tricos, asilos, etc, todas estas instituciones requieren de una profesionalizaci\u00f3n de los alumnos que este Programa Nacional nos brinda, adem\u00e1s de abrir otras puertas en lo que respecta a la salida laboral de los enfermeros\u201d<\/em><\/strong> enfatiz\u00f3 Torres.<\/span><\/p>\n","protected":false},"excerpt":{"rendered":"<p>El Director de Educaci\u00f3n de la Municipalidad particip\u00f3 de la entrega de mochilas con instrumentos de enfermer\u00eda que realiz\u00f3 el IES &#8230;<\/p>\n","protected":false},"author":7,"featured_media":130649,"comment_status":"open","ping_status":"open","sticky":false,"template":"","format":"standard","meta":{"footnotes":""},"categories":[5,18],"tags":[],"class_list":["post-130648","post","type-post","status-publish","format-standard","has-post-thumbnail","hentry","category-actualidad","category-educacion"],"_links":{"self":[{"href":"https:\/\/vinasfm.com\/noticias\/wp-json\/wp\/v2\/posts\/130648","targetHints":{"allow":["GET"]}}],"collection":[{"href":"https:\/\/vinasfm.com\/noticias\/wp-json\/wp\/v2\/posts"}],"about":[{"href":"https:\/\/vinasfm.com\/noticias\/wp-json\/wp\/v2\/types\/post"}],"author":[{"embeddable":true,"href":"https:\/\/vinasfm.com\/noticias\/wp-json\/wp\/v2\/users\/7"}],"replies":[{"embeddable":true,"href":"https:\/\/vinasfm.com\/noticias\/wp-json\/wp\/v2\/comments?post=130648"}],"version-history":[{"count":1,"href":"https:\/\/vinasfm.com\/noticias\/wp-json\/wp\/v2\/posts\/130648\/revisions"}],"predecessor-version":[{"id":130654,"href":"https:\/\/vinasfm.com\/noticias\/wp-json\/wp\/v2\/posts\/130648\/revisions\/130654"}],"wp:featuredmedia":[{"embeddable":true,"href":"https:\/\/vinasfm.com\/noticias\/wp-json\/wp\/v2\/media\/130649"}],"wp:attachment":[{"href":"https:\/\/vinasfm.com\/noticias\/wp-json\/wp\/v2\/media?parent=130648"}],"wp:term":[{"taxonomy":"category","embeddable":true,"href":"https:\/\/vinasfm.com\/noticias\/wp-json\/wp\/v2\/categories?post=130648"},{"taxonomy":"post_tag","embeddable":true,"href":"https:\/\/vinasfm.com\/noticias\/wp-json\/wp\/v2\/tags?post=130648"}],"curies":[{"name":"wp","href":"https:\/\/api.w.org\/{rel}","templated":true}]}}