{"id":130621,"date":"2023-12-14T11:30:21","date_gmt":"2023-12-14T14:30:21","guid":{"rendered":"https:\/\/vinasfm.com\/noticias\/?p=130621"},"modified":"2023-12-15T09:11:56","modified_gmt":"2023-12-15T12:11:56","slug":"presentaron-un-proyecto-de-ley-para-eliminar-los-registros-automotores","status":"publish","type":"post","link":"https:\/\/vinasfm.com\/noticias\/presentaron-un-proyecto-de-ley-para-eliminar-los-registros-automotores\/","title":{"rendered":"PRESENTARON UN PROYECTO DE LEY PARA ELIMINAR LOS REGISTROS AUTOMOTORES"},"content":{"rendered":"<p><span style=\"color: #000000;\"><strong>Adem\u00e1s, una diputada nacional de Juntos por el Cambio propone crear una patente \u00fanica de por vida, para simplificar la titularidad del veh\u00edculo.<\/strong><\/span><\/p>\n<p><span style=\"color: #000000;\">La diputada nacional\u00a0<strong>Patricia V\u00e1zquez (Juntos por el Cambio)\u00a0<\/strong>present\u00f3 en el Congreso un proyecto de ley para\u00a0<strong>eliminar los registros automotores\u00a0<\/strong>y crear una patente \u00fanica de por vida.<\/span><\/p>\n<p><span style=\"color: #000000;\">La legisladora considera que la transferencia de veh\u00edculos es un tr\u00e1mite burocr\u00e1tico e innecesario que\u00a0<em>\u201cimpone un gasto excesivo al usuario que se suma a otros impuestos que pesan sobre los veh\u00edculos\u201d.\u00a0<\/em><\/span><\/p>\n<p><span style=\"color: #000000;\">En tal sentido, de acuerdo con informes sectoriales,\u00a0<strong>transferir un auto en la Argentina hacia un nuevo due\u00f1o es el doble de burocr\u00e1tico y hasta diez veces m\u00e1s caro<\/strong>\u00a0que en otros pa\u00edses de la regi\u00f3n, como\u00a0Chile, Colombia, M\u00e9xico y Per\u00fa.<\/span><\/p>\n<aside class=\"scaip scaip-1 \"><\/aside>\n<p><span style=\"color: #000000;\"><em>\u201cPresent\u00e9 un\u00a0proyecto de ley\u00a0donde planteo la\u00a0eliminaci\u00f3n de los Registros del Automotor.\u00a0Este es un negocio armado por la pol\u00edtica en 1958, para privilegiar a los pol\u00edticos, rob\u00e1ndonos a los ciudadanos\u201d<\/em>, explic\u00f3 la diputada de JxC.<\/span><\/p>\n<p><span style=\"color: #000000;\">La iniciativa tambi\u00e9n contempla la creaci\u00f3n de una\u00a0<strong><em>\u201cPatente \u00danica de por Vida\u201d<\/em><\/strong>, que identifique y acompa\u00f1e al conductor en lugar de pertenecer al veh\u00edculo.<\/span><\/p>\n<h2 id=\"h-las-claves-del-proyecto\" class=\"wp-block-heading\"><span style=\"color: #000000;\">Las claves del proyecto<\/span><\/h2>\n<ul>\n<li><span style=\"color: #000000;\"><strong>Registro \u00danico Nacional<\/strong><\/span><\/li>\n<\/ul>\n<p><span style=\"color: #000000;\"><em>Se establece la formaci\u00f3n de un\u00a0\u00fanico registro que evite complemente la existencia de los Registros Automotores.\u00a0<\/em><\/span><\/p>\n<aside class=\"scaip scaip-2 \"><\/aside>\n<ul>\n<li><span style=\"color: #000000;\"><strong>\u00danico arancel<\/strong><\/span><\/li>\n<\/ul>\n<p><span style=\"color: #000000;\"><em>Se determina que el ciudadano abone un\u00a0pago \u00fanico por el tr\u00e1mite que realiza,\u00a0sin necesidad de que est\u00e9 relacionado al valor del automotor.<\/em><\/span><\/p>\n<ul>\n<li><span style=\"color: #000000;\"><strong>Patente \u00fanica de por vida<\/strong><\/span><\/li>\n<\/ul>\n<p><span style=\"color: #000000;\"><em>La intenci\u00f3n es que la patente no corresponde al auto, si no a la persona.\u00a0\u201cTu patente, tu DNI\u201d, sostiene el proyecto de la diputada. De esta manera, se simplificar\u00eda la titularidad del veh\u00edculo.<\/em><\/span><\/p>\n<ul>\n<li><span style=\"color: #000000;\"><strong>Plataforma \u00fanica<\/strong><\/span><\/li>\n<\/ul>\n<p><span style=\"color: #000000;\"><em>Consisten en una sola plataforma donde se consigne la informaci\u00f3n de transferencias e historial de veh\u00edculos. Es decir que en un mismo portal se pueda tener acceso a las denuncias, deudas, embargos y multas. Actualmente, pertenecen a cada jurisdicci\u00f3n.<\/em><\/span><\/p>\n","protected":false},"excerpt":{"rendered":"<p>Adem\u00e1s, una diputada nacional de Juntos por el Cambio propone crear una patente \u00fanica de por vida, para simplificar la titularidad &#8230;<\/p>\n","protected":false},"author":7,"featured_media":130622,"comment_status":"open","ping_status":"open","sticky":false,"template":"","format":"standard","meta":{"footnotes":""},"categories":[5,10],"tags":[],"class_list":["post-130621","post","type-post","status-publish","format-standard","has-post-thumbnail","hentry","category-actualidad","category-destacadas"],"_links":{"self":[{"href":"https:\/\/vinasfm.com\/noticias\/wp-json\/wp\/v2\/posts\/130621","targetHints":{"allow":["GET"]}}],"collection":[{"href":"https:\/\/vinasfm.com\/noticias\/wp-json\/wp\/v2\/posts"}],"about":[{"href":"https:\/\/vinasfm.com\/noticias\/wp-json\/wp\/v2\/types\/post"}],"author":[{"embeddable":true,"href":"https:\/\/vinasfm.com\/noticias\/wp-json\/wp\/v2\/users\/7"}],"replies":[{"embeddable":true,"href":"https:\/\/vinasfm.com\/noticias\/wp-json\/wp\/v2\/comments?post=130621"}],"version-history":[{"count":1,"href":"https:\/\/vinasfm.com\/noticias\/wp-json\/wp\/v2\/posts\/130621\/revisions"}],"predecessor-version":[{"id":130623,"href":"https:\/\/vinasfm.com\/noticias\/wp-json\/wp\/v2\/posts\/130621\/revisions\/130623"}],"wp:featuredmedia":[{"embeddable":true,"href":"https:\/\/vinasfm.com\/noticias\/wp-json\/wp\/v2\/media\/130622"}],"wp:attachment":[{"href":"https:\/\/vinasfm.com\/noticias\/wp-json\/wp\/v2\/media?parent=130621"}],"wp:term":[{"taxonomy":"category","embeddable":true,"href":"https:\/\/vinasfm.com\/noticias\/wp-json\/wp\/v2\/categories?post=130621"},{"taxonomy":"post_tag","embeddable":true,"href":"https:\/\/vinasfm.com\/noticias\/wp-json\/wp\/v2\/tags?post=130621"}],"curies":[{"name":"wp","href":"https:\/\/api.w.org\/{rel}","templated":true}]}}