{"id":130616,"date":"2023-12-14T11:25:56","date_gmt":"2023-12-14T14:25:56","guid":{"rendered":"https:\/\/vinasfm.com\/noticias\/?p=130616"},"modified":"2023-12-15T09:12:05","modified_gmt":"2023-12-15T12:12:05","slug":"preparate-donde-y-a-que-hora-bajara-el-zonda-en-mendoza","status":"publish","type":"post","link":"https:\/\/vinasfm.com\/noticias\/preparate-donde-y-a-que-hora-bajara-el-zonda-en-mendoza\/","title":{"rendered":"PREPARATE: D\u00d3NDE Y A QU\u00c9 HORA BAJAR\u00c1 EL ZONDA EN MENDOZA"},"content":{"rendered":"<p id=\"cuales-son-las-bases-cientificas-de-la-crisis-climatica-y-el-papel-fundamental-de-los-estados-para-contenerla\" class=\"article-headline left \"><span style=\"color: #000000;\"><strong>Defensa Civil monitorea la ocurrencia del viento. Tambi\u00e9n se pronosticaron tormentas.<\/strong><\/span><\/p>\n<p><span style=\"color: #000000;\">El viento Zonda afectar\u00e1, desde este jueves y hasta el s\u00e1bado, diferentes zonas de Mendoza. Es por eso que Defensa Civil monitorea la ocurrencia del fen\u00f3meno meteorol\u00f3gico.<\/span><\/p>\n<p><span style=\"color: #000000;\">De acuerdo con lo reportado por el organismo provincial, el viento tendr\u00e1 una mayor presencia en Malarg\u00fce, con probabilidades de afectar San Rafael y el Sur del Valle de Uco.<\/span><\/p>\n<p><span style=\"color: #000000;\">Tendr\u00e1 mayor relevancia entre las 15 y las 18. Mostrar\u00e1 valores promedio de 60 km\/h. Sin embargo, los primeros indicios de viento se percibir\u00e1n alrededor del mediod\u00eda, entre las 11 y las 12, persistiendo hasta las 19 e impactando tambi\u00e9n en la precordillera.<\/span><\/p>\n<p><span style=\"color: #000000;\">Otra regi\u00f3n afectada ser\u00e1 el Valle de Uspallata, donde se esperan r\u00e1fagas moderadas, oscilando entre 35 y 40 km\/h en promedio entre las 14 y las 18.<\/span><\/p>\n<p><span style=\"color: #000000;\">Desde las 20, se anticip\u00f3 la posibilidad de viento desde el Sureste, con una posterior rotaci\u00f3n hacia el Sur, manteni\u00e9ndose este viento moderado en toda la provincia hasta las 4 del viernes.<\/span><\/p>\n<p><span style=\"color: #000000;\">Con relaci\u00f3n a la\u00a0<strong>nubosidad y tormentas<\/strong>, es probable que se den a partir de las 15, principalmente en la zona Este, con las formaciones de n\u00facleos que se extender\u00e1n gradualmente, alcanzando a San Rafael y posiblemente llegando a Valle de Uco en la noche, prolong\u00e1ndose hasta aproximadamente las 4 y las 5 del viernes.<\/span><\/p>\n<p><span style=\"color: #000000;\">\u201cEl modelo destaca la mayor importancia en el desarrollo de estos n\u00facleos convectivos en la zona Este. No se descarta la posibilidad de alg\u00fan n\u00facleo aislado con granizo, especialmente durante la tarde y noche\u201d, se inform\u00f3.<\/span><\/p>\n<h2 id=\"h-que-pasara-el-viernes\" class=\"wp-block-heading\"><span style=\"color: #000000;\">Qu\u00e9 pasar\u00e1 el viernes<\/span><\/h2>\n<p><span style=\"color: #000000;\">Se espera la presencia de viento Zonda en superficie en la zona de Malarg\u00fce (con mayor incidencia al Sur del departamento), podr\u00eda afectar sectores de cordillera Sur.<\/span><\/p>\n<p><span style=\"color: #000000;\">Los valores previstos ser\u00e1n ligeramente inferiores a los registrados jueves, fluctuando entre 45 y posiblemente 50 km\/h en promedio. Es importante destacar que este fen\u00f3meno se espera entre las 14 y las 19 del viernes, mostrando una presencia muy leve en Uspallata.<\/span><\/p>\n<p><span style=\"color: #000000;\">La jornada estar\u00e1 despejada durante el d\u00eda y la tarde. A partir de las 22, probabilidad de tormenta, principalmente en zona Sur, las que se extender\u00eda a la madrugada del s\u00e1bado.<\/span><\/p>\n<h2 id=\"h-el-sabado\" class=\"wp-block-heading\"><span style=\"color: #000000;\">El s\u00e1bado<\/span><\/h2>\n<p><span style=\"color: #000000;\">Se anticip\u00f3 la presencia de viento Zonda en superficie, concentr\u00e1ndose principalmente en Malarg\u00fce y la cordillera Sur, probablemente el Sur del Valle de Uco.<\/span><\/p>\n<p><span style=\"color: #000000;\">Se espera que este viento se manifieste entre las 12 y las 19 del s\u00e1bado, con valores significativos promedio de 70 km\/h. En otras zonas, como el Valle de Uspallata y el Norte del Gran Mendoza, as\u00ed como en la zona norte de Lavalle, se prev\u00e9 la manifestaci\u00f3n del viento con efecto Zonda para el s\u00e1bado, aunque con menor intensidad, oscilando entre 40 y posiblemente 45 km\/h.<\/span><\/p>\n<p><span style=\"color: #000000;\">Adem\u00e1s, a paretir de las 18 o las 19 del s\u00e1bado, se espera que en pr\u00e1cticamente toda la provincia, especialmente en el Este, comience a circular viento del Sur, que actuar\u00e1 como preludio a la entrada de un frente fr\u00edo. Los valores de velocidad ser\u00e1n moderados, alcanzando posiblemente hasta 45 km\/h, pero con un promedio alrededor de los 35 km\/h, persistiendo durante la noche y la madrugada del domingo.<\/span><\/p>\n<p><span style=\"color: #000000;\">A pesar de un amanecer ventoso el domingo, se espera una disminuci\u00f3n agradable en la temperatura.<\/span><\/p>\n<p><span style=\"color: #000000;\">Respecto a las\u00a0<strong>tormentas<\/strong>, su presencia ser\u00e1 significativa, inici\u00e1ndose alrededor de las 15 en la zona Sur, expandi\u00e9ndose posteriormente hacia el Este y alcanzando el Valle de Uco durante la noche. No obstante, la mayor intensidad de las tormentas se espera en las regiones Sur y Este, particularmente durante la tarde-noche. No se descarta la probabilidad de precipitaci\u00f3n de granizo en estas formaciones del s\u00e1bado.<\/span><\/p>\n","protected":false},"excerpt":{"rendered":"<p>Defensa Civil monitorea la ocurrencia del viento. Tambi\u00e9n se pronosticaron tormentas. El viento Zonda afectar\u00e1, desde este jueves y hasta el &#8230;<\/p>\n","protected":false},"author":7,"featured_media":130619,"comment_status":"open","ping_status":"open","sticky":false,"template":"","format":"standard","meta":{"footnotes":""},"categories":[1],"tags":[],"class_list":["post-130616","post","type-post","status-publish","format-standard","has-post-thumbnail","hentry","category-fmvinas"],"_links":{"self":[{"href":"https:\/\/vinasfm.com\/noticias\/wp-json\/wp\/v2\/posts\/130616","targetHints":{"allow":["GET"]}}],"collection":[{"href":"https:\/\/vinasfm.com\/noticias\/wp-json\/wp\/v2\/posts"}],"about":[{"href":"https:\/\/vinasfm.com\/noticias\/wp-json\/wp\/v2\/types\/post"}],"author":[{"embeddable":true,"href":"https:\/\/vinasfm.com\/noticias\/wp-json\/wp\/v2\/users\/7"}],"replies":[{"embeddable":true,"href":"https:\/\/vinasfm.com\/noticias\/wp-json\/wp\/v2\/comments?post=130616"}],"version-history":[{"count":2,"href":"https:\/\/vinasfm.com\/noticias\/wp-json\/wp\/v2\/posts\/130616\/revisions"}],"predecessor-version":[{"id":130620,"href":"https:\/\/vinasfm.com\/noticias\/wp-json\/wp\/v2\/posts\/130616\/revisions\/130620"}],"wp:featuredmedia":[{"embeddable":true,"href":"https:\/\/vinasfm.com\/noticias\/wp-json\/wp\/v2\/media\/130619"}],"wp:attachment":[{"href":"https:\/\/vinasfm.com\/noticias\/wp-json\/wp\/v2\/media?parent=130616"}],"wp:term":[{"taxonomy":"category","embeddable":true,"href":"https:\/\/vinasfm.com\/noticias\/wp-json\/wp\/v2\/categories?post=130616"},{"taxonomy":"post_tag","embeddable":true,"href":"https:\/\/vinasfm.com\/noticias\/wp-json\/wp\/v2\/tags?post=130616"}],"curies":[{"name":"wp","href":"https:\/\/api.w.org\/{rel}","templated":true}]}}