{"id":130613,"date":"2023-12-14T09:28:30","date_gmt":"2023-12-14T12:28:30","guid":{"rendered":"https:\/\/vinasfm.com\/noticias\/?p=130613"},"modified":"2023-12-15T08:28:15","modified_gmt":"2023-12-15T11:28:15","slug":"la-provincia-de-mendoza-presento-un-nuevo-recurso-en-contra-de-la-resolucion-del-inai-que-le-otorga-personeria-juridica-a-la-comunidad-mapuche-suyay-lefv","status":"publish","type":"post","link":"https:\/\/vinasfm.com\/noticias\/la-provincia-de-mendoza-presento-un-nuevo-recurso-en-contra-de-la-resolucion-del-inai-que-le-otorga-personeria-juridica-a-la-comunidad-mapuche-suyay-lefv\/","title":{"rendered":"LA PROVINCIA DE MENDOZA PRESENT\u00d3 UN NUEVO RECURSO EN CONTRA DE LA RESOLUCI\u00d3N DEL INAI QUE LE OTORGA PERSONER\u00cdA JUR\u00cdDICA A LA COMUNIDAD MAPUCHE SUYAY LEFV"},"content":{"rendered":"<p><span style=\"color: #000000;\"><strong>El Gobierno de Mendoza present\u00f3 un Recurso de Reconsideraci\u00f3n o Revocatoria contra la Resoluci\u00f3n del Instituto Nacional de Asuntos Ind\u00edgenas (INAI) por el otorgamiento de la personer\u00eda jur\u00eddica a la comunidad mapuche Suyay Lefv, publicada extempor\u00e1neamente el 6 de diciembre de este a\u00f1o.<\/strong><\/span><\/p>\n<p><span style=\"color: #000000;\">El Ejecutivo provincial inici\u00f3 acciones judiciales contra el Instituto Nacional de Asuntos Ind\u00edgenas (INAI) ante la Corte Suprema de la Naci\u00f3n debido al exceso de facultades incurridas por las autoridades de dicho Instituto al otorgar personer\u00eda jur\u00eddica a pseudo comunidades abor\u00edgenes, sin la debida intervenci\u00f3n de la Provincia, condici\u00f3n que no solamente prev\u00e9 la Ley nacional 23302 sino tambi\u00e9n el Convenio entre partes que tiene firmado ese organismo con la Provincia.<\/span><\/p>\n<p><span style=\"color: #000000;\">Cabe indicar que, a partir de la fecha, el INAI cuenta con 60 d\u00edas h\u00e1biles para resolver el recurso. Caso contrario, se producir\u00e1 la denegatoria t\u00e1cita del mismo, quedando la Provincia de Mendoza habilitada para iniciar las acciones judiciales ante la Corte Suprema de la Naci\u00f3n.<\/span><\/p>\n<p><span style=\"color: #000000;\">Es importante mencionar que el Recurso de Reconsideraci\u00f3n presentado por el Gobierno provincial es contra la Resoluci\u00f3n\u20132023\u201379\u2013APN\u2013INAI#MJ. Dicho documento tiene fecha 8 de marzo del 2023, pero ha sido publicado extempor\u00e1neamente el 6 de diciembre del corriente, durante el \u00faltimo d\u00eda de gesti\u00f3n de las autoridades salientes.<\/span><\/p>\n","protected":false},"excerpt":{"rendered":"<p>El Gobierno de Mendoza present\u00f3 un Recurso de Reconsideraci\u00f3n o Revocatoria contra la Resoluci\u00f3n del Instituto Nacional de Asuntos Ind\u00edgenas (INAI) &#8230;<\/p>\n","protected":false},"author":7,"featured_media":119408,"comment_status":"open","ping_status":"open","sticky":false,"template":"","format":"standard","meta":{"footnotes":""},"categories":[5,10],"tags":[],"class_list":["post-130613","post","type-post","status-publish","format-standard","has-post-thumbnail","hentry","category-actualidad","category-destacadas"],"_links":{"self":[{"href":"https:\/\/vinasfm.com\/noticias\/wp-json\/wp\/v2\/posts\/130613","targetHints":{"allow":["GET"]}}],"collection":[{"href":"https:\/\/vinasfm.com\/noticias\/wp-json\/wp\/v2\/posts"}],"about":[{"href":"https:\/\/vinasfm.com\/noticias\/wp-json\/wp\/v2\/types\/post"}],"author":[{"embeddable":true,"href":"https:\/\/vinasfm.com\/noticias\/wp-json\/wp\/v2\/users\/7"}],"replies":[{"embeddable":true,"href":"https:\/\/vinasfm.com\/noticias\/wp-json\/wp\/v2\/comments?post=130613"}],"version-history":[{"count":1,"href":"https:\/\/vinasfm.com\/noticias\/wp-json\/wp\/v2\/posts\/130613\/revisions"}],"predecessor-version":[{"id":130614,"href":"https:\/\/vinasfm.com\/noticias\/wp-json\/wp\/v2\/posts\/130613\/revisions\/130614"}],"wp:featuredmedia":[{"embeddable":true,"href":"https:\/\/vinasfm.com\/noticias\/wp-json\/wp\/v2\/media\/119408"}],"wp:attachment":[{"href":"https:\/\/vinasfm.com\/noticias\/wp-json\/wp\/v2\/media?parent=130613"}],"wp:term":[{"taxonomy":"category","embeddable":true,"href":"https:\/\/vinasfm.com\/noticias\/wp-json\/wp\/v2\/categories?post=130613"},{"taxonomy":"post_tag","embeddable":true,"href":"https:\/\/vinasfm.com\/noticias\/wp-json\/wp\/v2\/tags?post=130613"}],"curies":[{"name":"wp","href":"https:\/\/api.w.org\/{rel}","templated":true}]}}