{"id":130550,"date":"2023-12-13T08:29:54","date_gmt":"2023-12-13T11:29:54","guid":{"rendered":"https:\/\/vinasfm.com\/noticias\/?p=130550"},"modified":"2023-12-14T09:07:32","modified_gmt":"2023-12-14T12:07:32","slug":"walther-marcolini-y-otros-dos-exintendentes-juraron-como-senadores","status":"publish","type":"post","link":"https:\/\/vinasfm.com\/noticias\/walther-marcolini-y-otros-dos-exintendentes-juraron-como-senadores\/","title":{"rendered":"WALTHER MARCOLINI Y OTROS DOS EXINTENDENTES JURARON COMO SENADORES"},"content":{"rendered":"<p><span style=\"color: #000000;\"><strong>Junto a \u00e9l juraron Marcelino Iglesias, Gustavo Soto y Sergio M\u00e1rquez, quien tom\u00f3 el lugar de la nueva ministra de Seguridad.<\/strong><\/span><\/p>\n<p><span style=\"color: #000000;\">La vicegobernadora y presidente del Senado, <strong>Hebe Casado<\/strong>, les tom\u00f3 juramento a tres exintendentes en la jornada del martes: <strong>Marcelino Iglesias<\/strong> (Exintendente de Guaymall\u00e9n), <strong>Gustavo Soto<\/strong> (Exintendente de Tupungato) y <strong>Walther Marcolini<\/strong> (Exintendente de General Alvear), que finalizaron sus mandatos en sus comunas y ganaron una banca como <b>senadores<\/b>\u00a0en las elecciones del 24 de septiembre.<\/span><\/p>\n<p><span style=\"color: #000000;\">Adem\u00e1s, tras la partida de Mercedes Rus\u00a0al Ministerio de Seguridad, este martes asumi\u00f3 su reemplazante en el Senado provincial:\u00a0<b>Sergio M\u00e1rquez<\/b>, un dirigente radical que llega a la C\u00e1mara alta proveniente de la Direcci\u00f3n General de Escuelas (DGE).\u00a0<\/span><\/p>\n<p><img loading=\"lazy\" decoding=\"async\" class=\"\" src=\"https:\/\/scontent.fros11-1.fna.fbcdn.net\/v\/t39.30808-6\/409850932_843593201108286_8199636285489207025_n.jpg?_nc_cat=111&amp;ccb=1-7&amp;_nc_sid=dd5e9f&amp;_nc_ohc=rtGrS4TXY4UAX8qqTaU&amp;_nc_ht=scontent.fros11-1.fna&amp;oh=00_AfB1sXRT184nhifzpwEljwhS3lVWI3p-Wu3Z5lZC_dYz4Q&amp;oe=657EDE27\" alt=\"Puede ser una imagen de 9 personas\" width=\"449\" height=\"296\" \/><\/p>\n<p><span style=\"color: #000000;\"><em><strong>\u00abEste martes, gracias a Dios, jur\u00e9 y asum\u00ed como senador en la <span class=\"xt0psk2\">Legislatura<\/span>. Pondr\u00e9 lo mejor de m\u00ed para representarlos y trabajar por Mendoza y General Alvear, priorizando siempre el desarrollo con equidad\u00bb<\/strong><\/em>, expres\u00f3 el ahora senador, Walther Marcolini y anunci\u00f3 que el Presidente Provisional del Senado, <span class=\"xt0psk2\">Mart\u00edn Kerchner,<\/span> la Presidente del Interbloque Cambia Mendoza, Natacha Eisenchlas, junto a sus pares; lo eligieron como Presidente de la Comisi\u00f3n de Legislaci\u00f3n y Asuntos Constitucionales (LAC).<\/span><\/p>\n","protected":false},"excerpt":{"rendered":"<p>Junto a \u00e9l juraron Marcelino Iglesias, Gustavo Soto y Sergio M\u00e1rquez, quien tom\u00f3 el lugar de la nueva ministra de Seguridad. &#8230;<\/p>\n","protected":false},"author":7,"featured_media":130551,"comment_status":"open","ping_status":"open","sticky":false,"template":"","format":"standard","meta":{"footnotes":""},"categories":[5,7],"tags":[],"class_list":["post-130550","post","type-post","status-publish","format-standard","has-post-thumbnail","hentry","category-actualidad","category-politica"],"_links":{"self":[{"href":"https:\/\/vinasfm.com\/noticias\/wp-json\/wp\/v2\/posts\/130550","targetHints":{"allow":["GET"]}}],"collection":[{"href":"https:\/\/vinasfm.com\/noticias\/wp-json\/wp\/v2\/posts"}],"about":[{"href":"https:\/\/vinasfm.com\/noticias\/wp-json\/wp\/v2\/types\/post"}],"author":[{"embeddable":true,"href":"https:\/\/vinasfm.com\/noticias\/wp-json\/wp\/v2\/users\/7"}],"replies":[{"embeddable":true,"href":"https:\/\/vinasfm.com\/noticias\/wp-json\/wp\/v2\/comments?post=130550"}],"version-history":[{"count":4,"href":"https:\/\/vinasfm.com\/noticias\/wp-json\/wp\/v2\/posts\/130550\/revisions"}],"predecessor-version":[{"id":130555,"href":"https:\/\/vinasfm.com\/noticias\/wp-json\/wp\/v2\/posts\/130550\/revisions\/130555"}],"wp:featuredmedia":[{"embeddable":true,"href":"https:\/\/vinasfm.com\/noticias\/wp-json\/wp\/v2\/media\/130551"}],"wp:attachment":[{"href":"https:\/\/vinasfm.com\/noticias\/wp-json\/wp\/v2\/media?parent=130550"}],"wp:term":[{"taxonomy":"category","embeddable":true,"href":"https:\/\/vinasfm.com\/noticias\/wp-json\/wp\/v2\/categories?post=130550"},{"taxonomy":"post_tag","embeddable":true,"href":"https:\/\/vinasfm.com\/noticias\/wp-json\/wp\/v2\/tags?post=130550"}],"curies":[{"name":"wp","href":"https:\/\/api.w.org\/{rel}","templated":true}]}}