{"id":130518,"date":"2023-12-12T09:36:30","date_gmt":"2023-12-12T12:36:30","guid":{"rendered":"https:\/\/vinasfm.com\/noticias\/?p=130518"},"modified":"2023-12-13T09:12:25","modified_gmt":"2023-12-13T12:12:25","slug":"en-medio-del-ajuste-que-pasara-con-la-fiesta-nacional-de-la-vendimia-2024","status":"publish","type":"post","link":"https:\/\/vinasfm.com\/noticias\/en-medio-del-ajuste-que-pasara-con-la-fiesta-nacional-de-la-vendimia-2024\/","title":{"rendered":"EN MEDIO DEL AJUSTE, QU\u00c9 PASAR\u00c1 CON LA FIESTA NACIONAL DE LA VENDIMIA 2024"},"content":{"rendered":"<p><span style=\"color: #000000;\"><strong>Mientras hay intendentes que dieron de baja festivales y otros est\u00e1n con duda, el gobernador Alfredo Cornejo se refiri\u00f3 a la m\u00e1xima celebraci\u00f3n de los mendocinos.<\/strong><\/span><\/p>\n<p><span style=\"color: #000000;\">La incertidumbre econ\u00f3mica que reina en el pa\u00eds hizo que varios intendentes de Mendoza <strong>\u201cfrenen la pelota\u201d<\/strong> y analicen el futuro de importantes festivales locales para la temporada de verano. Uno de ellos, fue Ricardo Mansur, de Rivadavia, que determin\u00f3 la cancelaci\u00f3n de Rivadavia Canta al Pa\u00eds.<\/span><\/p>\n<p><span style=\"color: #000000;\">En contraposici\u00f3n, el gobernador de Mendoza, Alfredo Cornejo, advirti\u00f3 este lunes que <strong>\u201cla Fiesta Nacional de la Vendimia no sufrir\u00e1 modificaciones en su presupuesto, por lo que se concretar\u00e1 tal como se viene dando en ediciones anteriores, es decir, a lo largo de cuatro noches\u201d.<\/strong><\/span><\/p>\n<p><span style=\"color: #000000;\">La fiesta m\u00e1xima de los mendocinos ya fue asignada al equipo ganador, comandado por Pablo Perri, previo al cambio de Gobierno, ya tiene un presupuesto asignado y se respetar\u00e1 tal como fue establecido, explic\u00f3 el mandatario.<\/span><\/p>\n<p><span style=\"color: #000000;\">De modo que se prev\u00e9 que, como en ediciones anteriores, ser\u00e1n unos 1.100 los artistas los que subir\u00e1n a escena, con un despliegue lum\u00ednico y escenogr\u00e1fico imponente y, no se descarta la presencia de artistas nacionales e internacionales, durante las repeticiones, que est\u00e1n previstas para el domingo 3 y lunes 4 de marzo.<\/span><\/p>\n","protected":false},"excerpt":{"rendered":"<p>Mientras hay intendentes que dieron de baja festivales y otros est\u00e1n con duda, el gobernador Alfredo Cornejo se refiri\u00f3 a la &#8230;<\/p>\n","protected":false},"author":7,"featured_media":130519,"comment_status":"open","ping_status":"open","sticky":false,"template":"","format":"standard","meta":{"footnotes":""},"categories":[5,25],"tags":[],"class_list":["post-130518","post","type-post","status-publish","format-standard","has-post-thumbnail","hentry","category-actualidad","category-vendimia"],"_links":{"self":[{"href":"https:\/\/vinasfm.com\/noticias\/wp-json\/wp\/v2\/posts\/130518","targetHints":{"allow":["GET"]}}],"collection":[{"href":"https:\/\/vinasfm.com\/noticias\/wp-json\/wp\/v2\/posts"}],"about":[{"href":"https:\/\/vinasfm.com\/noticias\/wp-json\/wp\/v2\/types\/post"}],"author":[{"embeddable":true,"href":"https:\/\/vinasfm.com\/noticias\/wp-json\/wp\/v2\/users\/7"}],"replies":[{"embeddable":true,"href":"https:\/\/vinasfm.com\/noticias\/wp-json\/wp\/v2\/comments?post=130518"}],"version-history":[{"count":1,"href":"https:\/\/vinasfm.com\/noticias\/wp-json\/wp\/v2\/posts\/130518\/revisions"}],"predecessor-version":[{"id":130520,"href":"https:\/\/vinasfm.com\/noticias\/wp-json\/wp\/v2\/posts\/130518\/revisions\/130520"}],"wp:featuredmedia":[{"embeddable":true,"href":"https:\/\/vinasfm.com\/noticias\/wp-json\/wp\/v2\/media\/130519"}],"wp:attachment":[{"href":"https:\/\/vinasfm.com\/noticias\/wp-json\/wp\/v2\/media?parent=130518"}],"wp:term":[{"taxonomy":"category","embeddable":true,"href":"https:\/\/vinasfm.com\/noticias\/wp-json\/wp\/v2\/categories?post=130518"},{"taxonomy":"post_tag","embeddable":true,"href":"https:\/\/vinasfm.com\/noticias\/wp-json\/wp\/v2\/tags?post=130518"}],"curies":[{"name":"wp","href":"https:\/\/api.w.org\/{rel}","templated":true}]}}