{"id":130421,"date":"2023-12-09T09:51:08","date_gmt":"2023-12-09T12:51:08","guid":{"rendered":"https:\/\/vinasfm.com\/noticias\/?p=130421"},"modified":"2023-12-11T08:27:52","modified_gmt":"2023-12-11T11:27:52","slug":"ciclo-lectivo-2024-las-clases-comenzaran-el-26-de-febrero","status":"publish","type":"post","link":"https:\/\/vinasfm.com\/noticias\/ciclo-lectivo-2024-las-clases-comenzaran-el-26-de-febrero\/","title":{"rendered":"CICLO LECTIVO 2024: LAS CLASES COMENZAR\u00c1N EL 26 DE FEBRERO"},"content":{"rendered":"<p><span style=\"color: #000000;\"><strong>Las escuelas secundarias iniciar\u00e1n el servicio educativo el 28 de febrero. Los docentes comenzar\u00e1n las actividades el 6 de febrero y los estudiantes con trayectorias d\u00e9biles contar\u00e1n con apoyo pedag\u00f3gico desde el 14 de febrero.<\/strong><\/span><\/p>\n<p><span style=\"color: #000000;\">La Direcci\u00f3n General de Escuelas (DGE) comunica que ha dispuesto las fechas b\u00e1sicas que regir\u00e1n el Calendario Escolar 2024 con el fin de organizar y planificar el pr\u00f3ximo ciclo lectivo.<\/span><\/p>\n<p><span style=\"color: #000000;\">De esta manera, se establece que los estudiantes de todos los niveles y modalidades comenzar\u00e1n las clases el lunes 26 de febrero de 2024. En tanto que las escuelas secundarias (orientadas, t\u00e9cnicas y de j\u00f3venes y adultos) iniciar\u00e1n el dictado de clases el mi\u00e9rcoles 28 de febrero.<\/span><\/p>\n<p><span style=\"color: #000000;\">Adem\u00e1s, se dispuso que el 2 de febrero se realizar\u00e1 el acto de presentaci\u00f3n de los lineamientos pol\u00edticos y pedag\u00f3gicos a cargo del director general de Escuelas junto a su equipo de trabajo.<\/span><\/p>\n<p><span style=\"color: #000000;\">El 5 y 6 de febrero se deber\u00e1n presentar en las instituciones los directores y tambi\u00e9n se desarrollar\u00e1n las jornadas directivas.<\/span><\/p>\n<p><span style=\"color: #000000;\">El 6 de febrero comenzar\u00e1 la actividad docente y el 14 de febrero se inicir\u00e1n las clases con los estudiantes que han registrado necesidades de fortalecimiento pedag\u00f3gico, y los ingresantes a primer a\u00f1o de las escuelas secundarias.<\/span><\/p>\n<p><span style=\"color: #000000;\">Para el ciclo lectivo 2024 queda establecido que el receso invernal es del 8 al 21 de julio. La finalizaci\u00f3n de clases ser\u00e1 el 13 de diciembre, pero queda sujeta a modificaci\u00f3n.<\/span><\/p>\n<p><span style=\"color: #000000;\">El 18 de diciembre de 2024 finalizar\u00e1n las actividades docentes, tanto de titulares como de suplentes y titulares no jer\u00e1rquicos.<\/span><\/p>\n<p><span style=\"color: #000000;\">Los directores finalizar\u00e1n sus actividades el 20 de diciembre, y los supervisores, el 23 de diciembre de 2024.<\/span><\/p>\n","protected":false},"excerpt":{"rendered":"<p>Las escuelas secundarias iniciar\u00e1n el servicio educativo el 28 de febrero. Los docentes comenzar\u00e1n las actividades el 6 de febrero y &#8230;<\/p>\n","protected":false},"author":7,"featured_media":130422,"comment_status":"open","ping_status":"open","sticky":false,"template":"","format":"standard","meta":{"footnotes":""},"categories":[5,18],"tags":[],"class_list":["post-130421","post","type-post","status-publish","format-standard","has-post-thumbnail","hentry","category-actualidad","category-educacion"],"_links":{"self":[{"href":"https:\/\/vinasfm.com\/noticias\/wp-json\/wp\/v2\/posts\/130421","targetHints":{"allow":["GET"]}}],"collection":[{"href":"https:\/\/vinasfm.com\/noticias\/wp-json\/wp\/v2\/posts"}],"about":[{"href":"https:\/\/vinasfm.com\/noticias\/wp-json\/wp\/v2\/types\/post"}],"author":[{"embeddable":true,"href":"https:\/\/vinasfm.com\/noticias\/wp-json\/wp\/v2\/users\/7"}],"replies":[{"embeddable":true,"href":"https:\/\/vinasfm.com\/noticias\/wp-json\/wp\/v2\/comments?post=130421"}],"version-history":[{"count":2,"href":"https:\/\/vinasfm.com\/noticias\/wp-json\/wp\/v2\/posts\/130421\/revisions"}],"predecessor-version":[{"id":130465,"href":"https:\/\/vinasfm.com\/noticias\/wp-json\/wp\/v2\/posts\/130421\/revisions\/130465"}],"wp:featuredmedia":[{"embeddable":true,"href":"https:\/\/vinasfm.com\/noticias\/wp-json\/wp\/v2\/media\/130422"}],"wp:attachment":[{"href":"https:\/\/vinasfm.com\/noticias\/wp-json\/wp\/v2\/media?parent=130421"}],"wp:term":[{"taxonomy":"category","embeddable":true,"href":"https:\/\/vinasfm.com\/noticias\/wp-json\/wp\/v2\/categories?post=130421"},{"taxonomy":"post_tag","embeddable":true,"href":"https:\/\/vinasfm.com\/noticias\/wp-json\/wp\/v2\/tags?post=130421"}],"curies":[{"name":"wp","href":"https:\/\/api.w.org\/{rel}","templated":true}]}}