{"id":130358,"date":"2023-12-07T08:53:53","date_gmt":"2023-12-07T11:53:53","guid":{"rendered":"https:\/\/vinasfm.com\/noticias\/?p=130358"},"modified":"2023-12-08T08:40:46","modified_gmt":"2023-12-08T11:40:46","slug":"autorizaron-un-aumento-del-145-del-servicio-de-agua-en-mendoza","status":"publish","type":"post","link":"https:\/\/vinasfm.com\/noticias\/autorizaron-un-aumento-del-145-del-servicio-de-agua-en-mendoza\/","title":{"rendered":"AUTORIZARON UN AUMENTO DEL 145% DEL SERVICIO DE AGUA EN MENDOZA"},"content":{"rendered":"<h4><strong>Este jueves, el gobernador\u00a0<a href=\"https:\/\/www.mendozapost.com\/politica\/rodolfo-suarez-biografia-historia\/\" target=\"_blank\" rel=\"noopener\">Rodolfo Suarez<\/a> y el minsitro de Planificaci\u00f3n, Mario Isgr\u00f3, autorizaron un aumento escalonado del agua en cuatro partes hasta junio de 2024.<\/strong><\/h4>\n<div class=\"zone zone_interp\">\n<aside class=\"piece banner standard\">\n<div class=\"items\">\n<div class=\"item\"><\/div>\n<\/div>\n<\/aside>\n<\/div>\n<p>En total el servicio subir\u00e1 un 145% desde hoy hasta la mitad del pr\u00f3ximo a\u00f1o. Ser\u00e1 en cuatro veces:<\/p>\n<p>-46% a partir de este jueves 7<br \/>\n-33% a partir del 1 de febrero 2024<br \/>\n-33% a partir del 1 de abril 2024<br \/>\n-33% a partir del 1 de junio de 2024<\/p>\n<p><span class=\"comment\" tabindex=\"0\">Cada aumento ser\u00e1 sobre los valores vigentes en cada una de esas fechas<\/span>.<\/p>\n<p>En su art\u00edculo 2\u00b0 el decreto tambi\u00e9n autoriza a la Empresa Agua y Saneamiento Mendoza S.A. a cobrar a los usuarios un Cargo Especial del veinte por ciento (20%) sobre la factura de cada uno de los servicios, destinado al fondo para la renovaci\u00f3n de redes distribuidoras y colectoras de los servicios de Agua Potable y Cloacas de acuerdo a lo establecido en el art\u00edculo 24 de la Ley N\u00b0 9219.<\/p>\n<p>La audiencia p\u00fablica hab\u00eda sido el pasado 21 de noviembre, all\u00ed presentaron el Informe Econ\u00f3mico realizado por la Asesor\u00eda Regulatoria del EPAS, mediante el cual sugirieron el aumento para alcanzar el equilibrio del presupuesto operativo de AYSAM.<\/p>\n<p>&nbsp;<\/p>\n","protected":false},"excerpt":{"rendered":"<p>Este jueves, el gobernador\u00a0Rodolfo Suarez y el minsitro de Planificaci\u00f3n, Mario Isgr\u00f3, autorizaron un aumento escalonado del agua en cuatro partes &#8230;<\/p>\n","protected":false},"author":7,"featured_media":123483,"comment_status":"open","ping_status":"open","sticky":false,"template":"","format":"standard","meta":{"footnotes":""},"categories":[5,169],"tags":[],"class_list":["post-130358","post","type-post","status-publish","format-standard","has-post-thumbnail","hentry","category-actualidad","category-aumentos"],"_links":{"self":[{"href":"https:\/\/vinasfm.com\/noticias\/wp-json\/wp\/v2\/posts\/130358","targetHints":{"allow":["GET"]}}],"collection":[{"href":"https:\/\/vinasfm.com\/noticias\/wp-json\/wp\/v2\/posts"}],"about":[{"href":"https:\/\/vinasfm.com\/noticias\/wp-json\/wp\/v2\/types\/post"}],"author":[{"embeddable":true,"href":"https:\/\/vinasfm.com\/noticias\/wp-json\/wp\/v2\/users\/7"}],"replies":[{"embeddable":true,"href":"https:\/\/vinasfm.com\/noticias\/wp-json\/wp\/v2\/comments?post=130358"}],"version-history":[{"count":3,"href":"https:\/\/vinasfm.com\/noticias\/wp-json\/wp\/v2\/posts\/130358\/revisions"}],"predecessor-version":[{"id":130386,"href":"https:\/\/vinasfm.com\/noticias\/wp-json\/wp\/v2\/posts\/130358\/revisions\/130386"}],"wp:featuredmedia":[{"embeddable":true,"href":"https:\/\/vinasfm.com\/noticias\/wp-json\/wp\/v2\/media\/123483"}],"wp:attachment":[{"href":"https:\/\/vinasfm.com\/noticias\/wp-json\/wp\/v2\/media?parent=130358"}],"wp:term":[{"taxonomy":"category","embeddable":true,"href":"https:\/\/vinasfm.com\/noticias\/wp-json\/wp\/v2\/categories?post=130358"},{"taxonomy":"post_tag","embeddable":true,"href":"https:\/\/vinasfm.com\/noticias\/wp-json\/wp\/v2\/tags?post=130358"}],"curies":[{"name":"wp","href":"https:\/\/api.w.org\/{rel}","templated":true}]}}