{"id":130350,"date":"2023-12-06T19:09:14","date_gmt":"2023-12-06T22:09:14","guid":{"rendered":"https:\/\/vinasfm.com\/noticias\/?p=130350"},"modified":"2023-12-08T08:41:46","modified_gmt":"2023-12-08T11:41:46","slug":"continuidad-y-caras-nuevas-estos-son-los-siete-ministros-de-alfredo-cornejo","status":"publish","type":"post","link":"https:\/\/vinasfm.com\/noticias\/continuidad-y-caras-nuevas-estos-son-los-siete-ministros-de-alfredo-cornejo\/","title":{"rendered":"CONTINUIDAD Y CARAS NUEVAS: ESTOS SON LOS SIETE MINISTROS DE ALFREDO CORNEJO"},"content":{"rendered":"<p><span style=\"color: #000000;\"><strong>El gobernador electo presenta a la primera plana de su gesti\u00f3n: figuras j\u00f3venes con experiencia en el Ejecutivo, un empresario bodeguero y una legisladora que se har\u00e1 cargo de la Seguridad.<\/strong><\/span><\/p>\n<p><span style=\"color: #000000;\">La Nave Cultural fue el lugar elegido para el gobernador electo,\u00a0<strong>Alfredo Cornejo<\/strong>, para anunciar a su nuevo gabinete. Entre ellos, asoman varias caras j\u00f3venes pero con experiencia en la gesti\u00f3n p\u00fablica, el desembarco de un empresario bodeguero y una senadora que dejar\u00e1 la Legislatura para hacerse cargo de la cartera m\u00e1s caliente: Justicia y Seguridad.<\/span><\/p>\n<p><span style=\"color: #000000;\">Este mi\u00e9rcoles fue un d\u00eda movido para Cornejo luego de que la C\u00e1mara de Diputados diera sanci\u00f3n definitiva a las modificaciones de la Ley de Ministerios. Ya con el aval legislativo y con el nuevo esquema del Ejecutivo bajo el brazo, el m\u00e1ximo referente del radicalismo mendocino centr\u00f3 su atenci\u00f3n a terminar de confirmar a sus nuevos ministros.<\/span><\/p>\n<p><span style=\"color: #000000;\">A principios de semana, el gobernador electo present\u00f3 en la Legislatura lo que era en ese momento el proyecto de Ley de Gabinete. A trav\u00e9s de una serie de argumentos, Cornejo grafic\u00f3 los cambios que pretend\u00eda para su gobierno.<\/span><\/p>\n<aside class=\"scaip scaip-1 \"><\/aside>\n<p><span style=\"color: #000000;\">Una vez finalizada la conferencia, el mandatario confirm\u00f3 a su \u00fanico ministro,\u00a0<strong>Tadeo Garc\u00eda Zalazar<\/strong>\u00a0al frente de la cartera de\u00a0<strong>Educaci\u00f3n, Cultura, Infancia y DGE<\/strong>, un nuevo superministerio que agrupar\u00e1 no s\u00f3lo el \u00e1rea educativa sino tambi\u00e9n lo que antes era Desarrollo Social y hasta la cartera vinculada a lo art\u00edstico.<\/span><\/p>\n<p><img loading=\"lazy\" decoding=\"async\" class=\"\" src=\"https:\/\/www.mendoza.gov.ar\/wp-content\/uploads\/sites\/5\/2023\/12\/DSC_7347-700x504.jpg\" width=\"444\" height=\"320\" \/><\/p>\n<p><span style=\"color: #000000;\">En el nuevo esquema de gobierno,\u00a0<strong>Cornejo<\/strong>\u00a0decidi\u00f3 renovarle el cr\u00e9dito a\u00a0<strong>V\u00edctor Fayad<\/strong>\u00a0como titular de\u00a0<strong>Hacienda y Finanzas<\/strong>.<\/span><\/p>\n<p><img loading=\"lazy\" decoding=\"async\" class=\"\" src=\"https:\/\/www.mendoza.gov.ar\/wp-content\/uploads\/sites\/5\/2023\/12\/DSC_7352-700x499.jpg\" width=\"445\" height=\"317\" \/><\/p>\n<p><span style=\"color: #000000;\"><strong>Natalio Mema<\/strong>, actual secretario de Servicios P\u00fablicos, continuar\u00e1 en el Ejecutivo, pero har\u00e1 un pase de ministerio y quedar\u00e1 al frente de una de las nuevas superestructuras que ide\u00f3 Cornejo:\u00a0<strong>Gobierno, Infraestructura y Desarrollo Territorial<\/strong>.<\/span><\/p>\n<p><img loading=\"lazy\" decoding=\"async\" class=\"\" src=\"https:\/\/www.mendoza.gov.ar\/wp-content\/uploads\/sites\/5\/2023\/12\/DSC_7323-700x466.jpg\" width=\"445\" height=\"296\" \/><\/p>\n<p><span style=\"color: #000000;\">Una de las sorpresas del gabinete es\u00a0<strong>Mercedes Rus<\/strong>, la primera mujer que estar\u00e1 al frente del <strong>Ministerio de Seguridad y Justicia.<\/strong> La senadora radical oriunda de Maip\u00fa sonaba en un principio como una posible presidente del interbloque de Cambia Mendoza en la C\u00e1mara Alta pero Cornejo pate\u00f3 el tablero y decidi\u00f3 colocarla en una silla caliente por la gesti\u00f3n policial y el combate contra el delito.<\/span><\/p>\n<p><img loading=\"lazy\" decoding=\"async\" class=\"\" src=\"https:\/\/www.mendoza.gov.ar\/wp-content\/uploads\/sites\/5\/2023\/12\/DSC_7376-700x513.jpg\" width=\"445\" height=\"326\" \/><\/p>\n<p><span style=\"color: #000000;\">El bodeguero\u00a0<strong>Rodolfo Vargas Arizu<\/strong>\u00a0ser\u00e1 el titular de la cartera de\u00a0<strong>Producci\u00f3n<\/strong>. Forma parte del grupo de empresarios nucleados en Activ\u00e1 Mendoza, aliados del radicalismo.<\/span><\/p>\n<p><img loading=\"lazy\" decoding=\"async\" class=\"\" src=\"https:\/\/www.mendoza.gov.ar\/wp-content\/uploads\/sites\/5\/2023\/12\/DSC_7314-700x466.jpg\" width=\"445\" height=\"296\" \/><\/p>\n<p><span style=\"color: #000000;\">Otras de las figuras que se mencion\u00f3 desde el momento es\u00a0<strong>Jimena Latorre<\/strong>, que estar\u00e1 al frente del\u00a0<strong>Ministerio de Energ\u00eda y Ambiente<\/strong>. La diputada nacional saliente particip\u00f3 de la mesa de transici\u00f3n y es una de las personas de confianza de Cornejo.<\/span><\/p>\n<p><img loading=\"lazy\" decoding=\"async\" class=\"\" src=\"https:\/\/www.mendoza.gov.ar\/wp-content\/uploads\/sites\/5\/2023\/12\/DSC_7368-700x518.jpg\" width=\"445\" height=\"329\" \/><\/p>\n<p><span style=\"color: #000000;\">El nuevo\u00a0<strong>Ministerio de Salud y Deportes\u00a0<\/strong>estar\u00e1 en manos de\u00a0<strong>Rodolfo Montero<\/strong>. El hermano de la exvicegobernadora, Laura Montero, era uno de los nombres que se barajaba para estar al frente de la cartera sanitaria. El funcionario cuenta con una larga trayectoria en la medicina p\u00fablica y actualmente es el gerente General del Fuesmen.<\/span><\/p>\n<p><img loading=\"lazy\" decoding=\"async\" class=\"\" src=\"https:\/\/www.mendoza.gov.ar\/wp-content\/uploads\/sites\/5\/2023\/12\/DSC_7326-700x466.jpg\" width=\"445\" height=\"296\" \/><\/p>\n<p><span style=\"color: #000000;\">Por el lado de los entes aut\u00e1rquicos, \u00e1reas que tendr\u00e1n un rol importante, seg\u00fan lo que manifest\u00f3 Cornejo en la presentaci\u00f3n de su gabinete. El<strong>\u00a0Emetur\u00a0<\/strong>(turismo) ser\u00e1 dirigido por la senadora provincial de mandato cumplido,\u00a0<strong>Gabriela Testa<\/strong>, quien ya estuvo a cargo de las pol\u00edticas del \u00e1rea en la primera gobernaci\u00f3n.<\/span><\/p>\n<p><span style=\"color: #000000;\">Mientras que\u00a0<strong>ProMendoza<\/strong>\u00a0estar\u00e1 bajo la tutela de\u00a0<strong>Patricia Gim\u00e9nez<\/strong>, la ex diputada nacional que fue compa\u00f1era de f\u00f3rmula de Luis Petri en las internas de Cambia Mendoza y form\u00f3 parte del gobierno de Julio Cobos. \u00a0\u00a0\u00a0<\/span><\/p>\n<p><img loading=\"lazy\" decoding=\"async\" class=\"\" src=\"https:\/\/www.mendoza.gov.ar\/wp-content\/uploads\/sites\/5\/2023\/12\/DSC_7338-700x466.jpg\" width=\"445\" height=\"296\" \/><\/p>\n","protected":false},"excerpt":{"rendered":"<p>El gobernador electo presenta a la primera plana de su gesti\u00f3n: figuras j\u00f3venes con experiencia en el Ejecutivo, un empresario bodeguero &#8230;<\/p>\n","protected":false},"author":7,"featured_media":130351,"comment_status":"open","ping_status":"open","sticky":false,"template":"","format":"standard","meta":{"footnotes":""},"categories":[5,77],"tags":[],"class_list":["post-130350","post","type-post","status-publish","format-standard","has-post-thumbnail","hentry","category-actualidad","category-gobierno"],"_links":{"self":[{"href":"https:\/\/vinasfm.com\/noticias\/wp-json\/wp\/v2\/posts\/130350","targetHints":{"allow":["GET"]}}],"collection":[{"href":"https:\/\/vinasfm.com\/noticias\/wp-json\/wp\/v2\/posts"}],"about":[{"href":"https:\/\/vinasfm.com\/noticias\/wp-json\/wp\/v2\/types\/post"}],"author":[{"embeddable":true,"href":"https:\/\/vinasfm.com\/noticias\/wp-json\/wp\/v2\/users\/7"}],"replies":[{"embeddable":true,"href":"https:\/\/vinasfm.com\/noticias\/wp-json\/wp\/v2\/comments?post=130350"}],"version-history":[{"count":3,"href":"https:\/\/vinasfm.com\/noticias\/wp-json\/wp\/v2\/posts\/130350\/revisions"}],"predecessor-version":[{"id":130354,"href":"https:\/\/vinasfm.com\/noticias\/wp-json\/wp\/v2\/posts\/130350\/revisions\/130354"}],"wp:featuredmedia":[{"embeddable":true,"href":"https:\/\/vinasfm.com\/noticias\/wp-json\/wp\/v2\/media\/130351"}],"wp:attachment":[{"href":"https:\/\/vinasfm.com\/noticias\/wp-json\/wp\/v2\/media?parent=130350"}],"wp:term":[{"taxonomy":"category","embeddable":true,"href":"https:\/\/vinasfm.com\/noticias\/wp-json\/wp\/v2\/categories?post=130350"},{"taxonomy":"post_tag","embeddable":true,"href":"https:\/\/vinasfm.com\/noticias\/wp-json\/wp\/v2\/tags?post=130350"}],"curies":[{"name":"wp","href":"https:\/\/api.w.org\/{rel}","templated":true}]}}