{"id":130266,"date":"2023-12-05T09:55:45","date_gmt":"2023-12-05T12:55:45","guid":{"rendered":"https:\/\/vinasfm.com\/noticias\/?p=130266"},"modified":"2023-12-06T09:10:03","modified_gmt":"2023-12-06T12:10:03","slug":"molero-celebro-la-asuncion-de-los-nuevos-concejales","status":"publish","type":"post","link":"https:\/\/vinasfm.com\/noticias\/molero-celebro-la-asuncion-de-los-nuevos-concejales\/","title":{"rendered":"MOLERO CELEBR\u00d3 LA ASUNCI\u00d3N DE LOS NUEVOS CONCEJALES"},"content":{"rendered":"<p><span style=\"color: #000000;\"><strong>Durante la Sesi\u00f3n Preparatoria del lunes fue renovado el 50% de Honorable Concejo Deliberante.<\/strong><\/span><\/p>\n<p><span style=\"color: #000000;\">N\u00e9stor Ortega, Mirta Mart\u00ednez, Carlos Zalazar, Gisella Bello y Florencia Escart\u00edn tomaron juramento y, desde la noche del lunes, forman parte del cuerpo legislativo. El Intendente Electo, Alejandro Molero, <a href=\"https:\/\/www.facebook.com\/reel\/735488961249674\">estuvo presente<\/a> en la Sesi\u00f3n y manifest\u00f3 que <strong><em>\u201ces un momento sumamente importante porque representa una nueva composici\u00f3n del Concejo Deliberante\u201d,<\/em><\/strong> sobre la diversidad de colores pol\u00edticos que conforman al HCD\u00a0 dijo; <strong><em>\u201chay personalidad muy heterogenias que va a ampliar la discusi\u00f3n y enriquecer\u00e1 a la pol\u00edtica\u201d.<\/em><\/strong><\/span><\/p>\n<p><span style=\"color: #000000;\">Este renovado cuerpo contar\u00e1 con 6 bloques, lo que algunas figuras pol\u00edticas locales han considerado innecesario. Por su parte, Molero sostuvo que <strong><em>\u201cse trabajar\u00e1 con el objetivo de optimizar los recursos y el trabajo del HCD. Queda esperar una excelente funci\u00f3n de los ediles\u201d. \u00a0<\/em><\/strong><\/span><\/p>\n<p><span style=\"color: #000000;\">\u00a0El pr\u00f3ximo domingo, 10 de diciembre, Alejandro Molero tomar\u00e1 juramento y asumir\u00e1 la Intendencia de General Alvear. De las muchas invitaciones enviadas lament\u00f3 que <strong><em>\u201cmuchas figuras de la pol\u00edtica provincial estar\u00e1n presentes en la asunci\u00f3n de Javier Milei por lo que es incierto quienes estar\u00e1n presentes este domingo en Alvear\u201d. <\/em><\/strong><\/span><\/p>\n","protected":false},"excerpt":{"rendered":"<p>Durante la Sesi\u00f3n Preparatoria del lunes fue renovado el 50% de Honorable Concejo Deliberante. N\u00e9stor Ortega, Mirta Mart\u00ednez, Carlos Zalazar, Gisella &#8230;<\/p>\n","protected":false},"author":7,"featured_media":130268,"comment_status":"open","ping_status":"open","sticky":false,"template":"","format":"standard","meta":{"footnotes":""},"categories":[5,7],"tags":[],"class_list":["post-130266","post","type-post","status-publish","format-standard","has-post-thumbnail","hentry","category-actualidad","category-politica"],"_links":{"self":[{"href":"https:\/\/vinasfm.com\/noticias\/wp-json\/wp\/v2\/posts\/130266","targetHints":{"allow":["GET"]}}],"collection":[{"href":"https:\/\/vinasfm.com\/noticias\/wp-json\/wp\/v2\/posts"}],"about":[{"href":"https:\/\/vinasfm.com\/noticias\/wp-json\/wp\/v2\/types\/post"}],"author":[{"embeddable":true,"href":"https:\/\/vinasfm.com\/noticias\/wp-json\/wp\/v2\/users\/7"}],"replies":[{"embeddable":true,"href":"https:\/\/vinasfm.com\/noticias\/wp-json\/wp\/v2\/comments?post=130266"}],"version-history":[{"count":4,"href":"https:\/\/vinasfm.com\/noticias\/wp-json\/wp\/v2\/posts\/130266\/revisions"}],"predecessor-version":[{"id":130308,"href":"https:\/\/vinasfm.com\/noticias\/wp-json\/wp\/v2\/posts\/130266\/revisions\/130308"}],"wp:featuredmedia":[{"embeddable":true,"href":"https:\/\/vinasfm.com\/noticias\/wp-json\/wp\/v2\/media\/130268"}],"wp:attachment":[{"href":"https:\/\/vinasfm.com\/noticias\/wp-json\/wp\/v2\/media?parent=130266"}],"wp:term":[{"taxonomy":"category","embeddable":true,"href":"https:\/\/vinasfm.com\/noticias\/wp-json\/wp\/v2\/categories?post=130266"},{"taxonomy":"post_tag","embeddable":true,"href":"https:\/\/vinasfm.com\/noticias\/wp-json\/wp\/v2\/tags?post=130266"}],"curies":[{"name":"wp","href":"https:\/\/api.w.org\/{rel}","templated":true}]}}