{"id":130262,"date":"2023-12-05T09:18:01","date_gmt":"2023-12-05T12:18:01","guid":{"rendered":"https:\/\/vinasfm.com\/noticias\/?p=130262"},"modified":"2023-12-05T09:18:01","modified_gmt":"2023-12-05T12:18:01","slug":"llega-el-taller-tendiendo-lazos-a-los-adultos-mayores","status":"publish","type":"post","link":"https:\/\/vinasfm.com\/noticias\/llega-el-taller-tendiendo-lazos-a-los-adultos-mayores\/","title":{"rendered":"LLEGA EL TALLER \u201cTENDIENDO LAZOS A LOS ADULTOS MAYORES\u201d"},"content":{"rendered":"<p><span style=\"color: #000000;\"><strong>El objetivo es concientizar sobre sus derechos y brindar informaci\u00f3n para garantizar su protecci\u00f3n.<\/strong><\/span><\/p>\n<p><span style=\"color: #000000;\">El taller destinado a adultos mayores, cuidadores, familiares y p\u00fablico interesado busca <strong><em>\u201cconcientizar sobre la importancia de proteger los derechos de los adultos mayores y brindar informaci\u00f3n \u00fatil sobre las diferentes acciones para garantizar su cumplimiento\u201d<\/em><\/strong>, detall\u00f3 Carla Danielle.<\/span><\/p>\n<p><span style=\"color: #000000;\"><strong>\u201cTendiendo lazos a los adultos mayores\u201d<\/strong> tendr\u00e1 lugar este martes, 5 de diciembre, a las 17:00 horas en las instalaciones del Honorable Concejo Deliberante.<\/span><\/p>\n<p><a href=\"https:\/\/vinasfm.com\/noticias\/wp-content\/uploads\/2023\/12\/b0865e3c-d4c5-4280-8bae-72a16022e2f7.jpg\"><img loading=\"lazy\" decoding=\"async\" class=\"alignnone wp-image-130263\" src=\"https:\/\/vinasfm.com\/noticias\/wp-content\/uploads\/2023\/12\/b0865e3c-d4c5-4280-8bae-72a16022e2f7-1024x1024.jpg\" alt=\"\" width=\"400\" height=\"400\" srcset=\"https:\/\/vinasfm.com\/noticias\/wp-content\/uploads\/2023\/12\/b0865e3c-d4c5-4280-8bae-72a16022e2f7-1024x1024.jpg 1024w, https:\/\/vinasfm.com\/noticias\/wp-content\/uploads\/2023\/12\/b0865e3c-d4c5-4280-8bae-72a16022e2f7-300x300.jpg 300w, https:\/\/vinasfm.com\/noticias\/wp-content\/uploads\/2023\/12\/b0865e3c-d4c5-4280-8bae-72a16022e2f7-150x150.jpg 150w, https:\/\/vinasfm.com\/noticias\/wp-content\/uploads\/2023\/12\/b0865e3c-d4c5-4280-8bae-72a16022e2f7-768x768.jpg 768w, https:\/\/vinasfm.com\/noticias\/wp-content\/uploads\/2023\/12\/b0865e3c-d4c5-4280-8bae-72a16022e2f7-360x360.jpg 360w, https:\/\/vinasfm.com\/noticias\/wp-content\/uploads\/2023\/12\/b0865e3c-d4c5-4280-8bae-72a16022e2f7-750x750.jpg 750w, https:\/\/vinasfm.com\/noticias\/wp-content\/uploads\/2023\/12\/b0865e3c-d4c5-4280-8bae-72a16022e2f7.jpg 1080w\" sizes=\"auto, (max-width: 400px) 100vw, 400px\" \/><\/a><\/p>\n<p><span style=\"color: #000000;\">Sobre su contenido, Danielle se\u00f1al\u00f3 que <em><strong>\u201cse explorar\u00e1n los Derechos Humanos espec\u00edficos a los adultos mayores, herramientas pr\u00e1cticas y jur\u00eddicas para asegurar su cumplimiento, y la prevenci\u00f3n de estafas virtuales ya que es el grupo etario que m\u00e1s se ve afectado\u201d.<\/strong><\/em><\/span><\/p>\n","protected":false},"excerpt":{"rendered":"<p>El objetivo es concientizar sobre sus derechos y brindar informaci\u00f3n para garantizar su protecci\u00f3n. El taller destinado a adultos mayores, cuidadores, &#8230;<\/p>\n","protected":false},"author":7,"featured_media":130264,"comment_status":"open","ping_status":"open","sticky":false,"template":"","format":"standard","meta":{"footnotes":""},"categories":[1],"tags":[],"class_list":["post-130262","post","type-post","status-publish","format-standard","has-post-thumbnail","hentry","category-fmvinas"],"_links":{"self":[{"href":"https:\/\/vinasfm.com\/noticias\/wp-json\/wp\/v2\/posts\/130262","targetHints":{"allow":["GET"]}}],"collection":[{"href":"https:\/\/vinasfm.com\/noticias\/wp-json\/wp\/v2\/posts"}],"about":[{"href":"https:\/\/vinasfm.com\/noticias\/wp-json\/wp\/v2\/types\/post"}],"author":[{"embeddable":true,"href":"https:\/\/vinasfm.com\/noticias\/wp-json\/wp\/v2\/users\/7"}],"replies":[{"embeddable":true,"href":"https:\/\/vinasfm.com\/noticias\/wp-json\/wp\/v2\/comments?post=130262"}],"version-history":[{"count":1,"href":"https:\/\/vinasfm.com\/noticias\/wp-json\/wp\/v2\/posts\/130262\/revisions"}],"predecessor-version":[{"id":130265,"href":"https:\/\/vinasfm.com\/noticias\/wp-json\/wp\/v2\/posts\/130262\/revisions\/130265"}],"wp:featuredmedia":[{"embeddable":true,"href":"https:\/\/vinasfm.com\/noticias\/wp-json\/wp\/v2\/media\/130264"}],"wp:attachment":[{"href":"https:\/\/vinasfm.com\/noticias\/wp-json\/wp\/v2\/media?parent=130262"}],"wp:term":[{"taxonomy":"category","embeddable":true,"href":"https:\/\/vinasfm.com\/noticias\/wp-json\/wp\/v2\/categories?post=130262"},{"taxonomy":"post_tag","embeddable":true,"href":"https:\/\/vinasfm.com\/noticias\/wp-json\/wp\/v2\/tags?post=130262"}],"curies":[{"name":"wp","href":"https:\/\/api.w.org\/{rel}","templated":true}]}}