{"id":130259,"date":"2023-12-05T09:05:57","date_gmt":"2023-12-05T12:05:57","guid":{"rendered":"https:\/\/vinasfm.com\/noticias\/?p=130259"},"modified":"2023-12-06T09:19:25","modified_gmt":"2023-12-06T12:19:25","slug":"suarez-hizo-un-balance-de-su-gestion-y-vaticino-cuando-argentina-encuentre-su-rumbo-mendoza-va-a-estar-mejor","status":"publish","type":"post","link":"https:\/\/vinasfm.com\/noticias\/suarez-hizo-un-balance-de-su-gestion-y-vaticino-cuando-argentina-encuentre-su-rumbo-mendoza-va-a-estar-mejor\/","title":{"rendered":"SUAREZ HIZO UN BALANCE DE SU GESTI\u00d3N Y VATICIN\u00d3: \u201cCUANDO ARGENTINA ENCUENTRE SU RUMBO, MENDOZA VA A ESTAR MEJOR\u201d"},"content":{"rendered":"<p><span style=\"color: #000000;\"><strong>El gobernador saliente puso en valor sus cuatro a\u00f1os de mandato, donde valor\u00f3 el manejo de la pandemia y resalt\u00f3 que Mendoza tiene sus cuentas \u201cordenadas\u201d.<\/strong><\/span><\/p>\n<p><span style=\"color: #000000;\"><strong>Rodolfo Suarez<\/strong>\u00a0transita su \u00faltima semana como gobernador de\u00a0<strong>Mendoza\u00a0<\/strong>y se prepara para su nueva aventura en el Senado de la Naci\u00f3n para reemplazar a\u00a0<strong>Alfredo Cornejo<\/strong>, quien asumir\u00e1 como mandatario provincial este s\u00e1bado. El exintendente de Ciudad puso en valor sus cuatro a\u00f1os de gesti\u00f3n, donde recalc\u00f3 el manejo de la pandemia y el haber dejado las <strong>\u201c<em>cuentas ordenadas<\/em>\u201d.<\/strong><\/span><\/p>\n<p><span style=\"color: #000000;\">El gobernador saliente reconoci\u00f3 que la pandemia fue un momento que marc\u00f3 su mandato provincial y que, a diferencia del Gobierno nacional, en Mendoza se manej\u00f3 positivamente.<\/span><\/p>\n<p><span style=\"color: #000000;\"><strong><em>\u201cCreo que fue positivo el manejo que llevamos sobre la pandemia en Mendoza, distinto a lo que se hizo en lo nacional\u201c<\/em><\/strong>, desliz\u00f3 Suarez.<\/span><\/p>\n<p><span style=\"color: #000000;\">Bajo la misma l\u00ednea discursiva, el dirigente radical remarc\u00f3 que a pesar de la crisis econ\u00f3mica que produjo el gobierno de\u00a0<strong>Alberto Fern\u00e1ndez<\/strong>, la Provincia pudo mantenerse en orden y cumplir tanto con sus compromisos a pagar como para afrontar el abono de los aguinaldos en diciembre.<\/span><\/p>\n<p><span style=\"color: #000000;\"><strong><em>\u201cLa macroeconom\u00eda afecta a todas las provincias. Dentro de este contexto, Mendoza es una provincia que est\u00e1 ordenada en sus finanzas. En Mendoza no hubo discusi\u00f3n sobre si se pagaba o no el aguinaldo<\/em>\u201c<\/strong>, expres\u00f3.<\/span><\/p>\n<p><span style=\"color: #000000;\">Ante la consulta sobre la propuesta que tiene en mente el presidente electo,<strong>\u00a0Javier Milei<\/strong>, donde plantea la eliminaci\u00f3n de las PASO. Suarez sac\u00f3 chapa de que esa iniciativa la quisieron implementar durante su mandato cuando presentaron el proyecto de la reforma constitucional. \u00a0<\/span><\/p>\n<aside class=\"scaip scaip-2 \"><\/aside>\n<p><span style=\"color: #000000;\"><strong>\u201c<\/strong><em><strong>Yo creo que hay que eliminar las PASO. Satura a la gente y le hace muy mal a la econom\u00eda del pa\u00eds. Un buen camino ser\u00eda eliminar las primarias y achicar el calendario electoral\u201d<\/strong>,\u00a0<\/em>manifest\u00f3 el mandatario<em>.<\/em>\u00a0A su vez, agreg\u00f3 que\u00a0<strong><em>\u201cla boleta \u00fanica es un ejemplo de sistema electoral en el pa\u00eds<\/em>\u201c.<\/strong><\/span><\/p>\n<p><span style=\"color: #000000;\">De cara a sus \u00faltimos d\u00edas como gobernador de Mendoza, Suarez hizo \u00e9nfasis que le dejar\u00e1 a su sucesor, Alfredo Cornejo, una cantidad de proyectos que beneficiar\u00e1n econ\u00f3micamente a la Provincia.<\/span><\/p>\n<p><span style=\"color: #000000;\"><strong>\u201c<em>Hoy tenemos proyectos muy importantes que tiene que ver con el potasio, el cobre, dentro de la normativa legal. Cuando Argentina encuentre su rumbo, Mendoza va a estar mejor<\/em>\u201d<\/strong>, explay\u00f3.<\/span><\/p>\n<aside class=\"scaip scaip-3 \"><\/aside>\n<p><span style=\"color: #000000;\">Por \u00faltimo, Suarez se sincer\u00f3 al comentar que <strong>\u201c<em>dio todo<\/em>\u201d<\/strong> durante sus cuatro a\u00f1os al frente de la Provincia y que fue el mayor desaf\u00edo de su vida.<\/span><\/p>\n<p><span style=\"color: #000000;\"><strong>\u201c<em>Gobernamos con mucha prudencia, mucha seriedad. Tenemos las cuentas ordenadas. Pongo la cabeza en la almohada tranquilo. Di lo mejor de m\u00ed, di todo. Ando por la calle y la gente me trata con mucho cari\u00f1o. Este ha sido el desaf\u00edo y el honor m\u00e1s importante de mi vida<\/em>\u201c<\/strong>, finaliz\u00f3 Suarez.<\/span><\/p>\n","protected":false},"excerpt":{"rendered":"<p>El gobernador saliente puso en valor sus cuatro a\u00f1os de mandato, donde valor\u00f3 el manejo de la pandemia y resalt\u00f3 que &#8230;<\/p>\n","protected":false},"author":7,"featured_media":130260,"comment_status":"open","ping_status":"open","sticky":false,"template":"","format":"standard","meta":{"footnotes":""},"categories":[5,7],"tags":[],"class_list":["post-130259","post","type-post","status-publish","format-standard","has-post-thumbnail","hentry","category-actualidad","category-politica"],"_links":{"self":[{"href":"https:\/\/vinasfm.com\/noticias\/wp-json\/wp\/v2\/posts\/130259","targetHints":{"allow":["GET"]}}],"collection":[{"href":"https:\/\/vinasfm.com\/noticias\/wp-json\/wp\/v2\/posts"}],"about":[{"href":"https:\/\/vinasfm.com\/noticias\/wp-json\/wp\/v2\/types\/post"}],"author":[{"embeddable":true,"href":"https:\/\/vinasfm.com\/noticias\/wp-json\/wp\/v2\/users\/7"}],"replies":[{"embeddable":true,"href":"https:\/\/vinasfm.com\/noticias\/wp-json\/wp\/v2\/comments?post=130259"}],"version-history":[{"count":1,"href":"https:\/\/vinasfm.com\/noticias\/wp-json\/wp\/v2\/posts\/130259\/revisions"}],"predecessor-version":[{"id":130261,"href":"https:\/\/vinasfm.com\/noticias\/wp-json\/wp\/v2\/posts\/130259\/revisions\/130261"}],"wp:featuredmedia":[{"embeddable":true,"href":"https:\/\/vinasfm.com\/noticias\/wp-json\/wp\/v2\/media\/130260"}],"wp:attachment":[{"href":"https:\/\/vinasfm.com\/noticias\/wp-json\/wp\/v2\/media?parent=130259"}],"wp:term":[{"taxonomy":"category","embeddable":true,"href":"https:\/\/vinasfm.com\/noticias\/wp-json\/wp\/v2\/categories?post=130259"},{"taxonomy":"post_tag","embeddable":true,"href":"https:\/\/vinasfm.com\/noticias\/wp-json\/wp\/v2\/tags?post=130259"}],"curies":[{"name":"wp","href":"https:\/\/api.w.org\/{rel}","templated":true}]}}