{"id":130256,"date":"2023-12-05T08:56:07","date_gmt":"2023-12-05T11:56:07","guid":{"rendered":"https:\/\/vinasfm.com\/noticias\/?p=130256"},"modified":"2023-12-06T09:20:21","modified_gmt":"2023-12-06T12:20:21","slug":"asumieron-los-nuevos-miembros-del-honorable-concejo-deliberante","status":"publish","type":"post","link":"https:\/\/vinasfm.com\/noticias\/asumieron-los-nuevos-miembros-del-honorable-concejo-deliberante\/","title":{"rendered":"ASUMIERON LOS NUEVOS MIEMBROS DEL HONORABLE CONCEJO DELIBERANTE"},"content":{"rendered":"<p><span style=\"color: #000000;\"><strong>En la noche del lunes se despidieron 5 concejales para dar lugar a los nuevos ediles que formar\u00e1n parte del cuerpo. Adem\u00e1s, Raquel Yunes asumi\u00f3 la presidencia del HCD.<\/strong><\/span><\/p>\n<p><span style=\"color: #000000;\">A las 20:30 horas inici\u00f3 la Sesi\u00f3n Preparatoria, en donde se recibi\u00f3 a los nuevos 5 concejales quienes tomaron juramento. La misma inici\u00f3 presidida por Mabel Uccelli quien hasta el 4 de diciembre fue la presidente del cuerpo.<\/span><\/p>\n<p><span style=\"color: #000000;\">Raquel Yunes, quien hasta entonces era vicepresidente segunda, tom\u00f3 juramento como la nueva autoridad del HCD<strong><em>. \u201cEs una Sesi\u00f3n muy importante porque se renueva el 50% del cuerpo legislativo. Despu\u00e9s de un par de semanas intensas solo queda esperar que el partidismo quede fuera del cuerpo y, de inmediato, comencemos a trabajar por General Alvear\u201d<\/em><\/strong>, expres\u00f3.<\/span><\/p>\n<h2><span style=\"color: #000000;\">LOS NUEVOS CONCEJALES<\/span><\/h2>\n<p><span style=\"color: #000000;\"><strong><em>\u201cEs una gran responsabilidad que nos ha otorgado la ciudadan\u00eda. Hay mucha gente detr\u00e1s, acompa\u00f1\u00e1ndonos, con el objetivo de crear proyectos que beneficien a General Alvear<\/em><\/strong>\u201d, expres\u00f3 N\u00e9stor Ortega.<\/span><\/p>\n<p><span style=\"color: #000000;\">\u00a0Mirta Mart\u00ednez, quien de forma adelantada hizo p\u00fablico su deseo de la creaci\u00f3n de un nuevo bloque, asegur\u00f3 que <strong><em>\u201cha sido unas semanas dif\u00edciles por todo lo acontecido. Mis objetivo dentro del cuerpo es trabajar fuertemente por el agro, apoyando y potenciando a los productores locales\u201d<\/em><\/strong>. Sobre su decisi\u00f3n de abrir un nuevo bloque, explic\u00f3: <strong><em>\u201cDurante la campa\u00f1a sufr\u00eda discriminaci\u00f3n por parte de quienes integraban el equipo de LAUM, decid\u00ed no denunciar los malos tratos y opt\u00e9 por abrir el bloque\u201d. <\/em><\/strong><\/span><\/p>\n<p><span style=\"color: #000000;\">Carlos Zalazar manifest\u00f3 que <strong><em>\u201cde inmediato hay que empezar a trabajar arduamente y gestionar con las instituciones que nos acompa\u00f1an. Uno de mis mayores desaf\u00edos es comenzar a modificar la Ley de Salud Mental y golpear\u00e9 las puertas necesarias para concretarlo. Mi trabajo estar\u00e1 dedicado, principalmente, a la salud y solucionar las deficiencias que se evidenciaron durante la pandemia\u201d.<\/em><\/strong><\/span><\/p>\n<p><span style=\"color: #000000;\">Gisella Bello, quien es conocida por su trabajo con la Ley Oncopediatrica, agradeci\u00f3 el apoyo y la confianza de los ciudadanos, <strong><em>\u201cAlvear sabe que puede contar conmigo, no ser\u00e9 un concejal de escritorio \u00a0porque mi trabajo ser\u00e1 en la calle con la gente. Estoy dispuesta a escuchar, acompa\u00f1ar y controlar al ejecutivo\u201d.<\/em><\/strong><\/span><\/p>\n<p><span style=\"color: #000000;\">Florencia Escart\u00edn, de la rama peronista, se mostr\u00f3 <strong><em>\u201cmuy contenta por el compromiso que comenz\u00f3 desde la militancia. Trabajar\u00e9 para tener un General Alvear m\u00e1s sustentable e inclusivo porque es necesario potenciarnos\u201d. <\/em><\/strong><\/span><\/p>\n","protected":false},"excerpt":{"rendered":"<p>En la noche del lunes se despidieron 5 concejales para dar lugar a los nuevos ediles que formar\u00e1n parte del cuerpo. &#8230;<\/p>\n","protected":false},"author":7,"featured_media":45436,"comment_status":"open","ping_status":"open","sticky":false,"template":"","format":"standard","meta":{"footnotes":""},"categories":[5,26],"tags":[],"class_list":["post-130256","post","type-post","status-publish","format-standard","has-post-thumbnail","hentry","category-actualidad","category-hcd"],"_links":{"self":[{"href":"https:\/\/vinasfm.com\/noticias\/wp-json\/wp\/v2\/posts\/130256","targetHints":{"allow":["GET"]}}],"collection":[{"href":"https:\/\/vinasfm.com\/noticias\/wp-json\/wp\/v2\/posts"}],"about":[{"href":"https:\/\/vinasfm.com\/noticias\/wp-json\/wp\/v2\/types\/post"}],"author":[{"embeddable":true,"href":"https:\/\/vinasfm.com\/noticias\/wp-json\/wp\/v2\/users\/7"}],"replies":[{"embeddable":true,"href":"https:\/\/vinasfm.com\/noticias\/wp-json\/wp\/v2\/comments?post=130256"}],"version-history":[{"count":2,"href":"https:\/\/vinasfm.com\/noticias\/wp-json\/wp\/v2\/posts\/130256\/revisions"}],"predecessor-version":[{"id":130258,"href":"https:\/\/vinasfm.com\/noticias\/wp-json\/wp\/v2\/posts\/130256\/revisions\/130258"}],"wp:featuredmedia":[{"embeddable":true,"href":"https:\/\/vinasfm.com\/noticias\/wp-json\/wp\/v2\/media\/45436"}],"wp:attachment":[{"href":"https:\/\/vinasfm.com\/noticias\/wp-json\/wp\/v2\/media?parent=130256"}],"wp:term":[{"taxonomy":"category","embeddable":true,"href":"https:\/\/vinasfm.com\/noticias\/wp-json\/wp\/v2\/categories?post=130256"},{"taxonomy":"post_tag","embeddable":true,"href":"https:\/\/vinasfm.com\/noticias\/wp-json\/wp\/v2\/tags?post=130256"}],"curies":[{"name":"wp","href":"https:\/\/api.w.org\/{rel}","templated":true}]}}