{"id":130231,"date":"2023-12-04T11:03:28","date_gmt":"2023-12-04T14:03:28","guid":{"rendered":"https:\/\/vinasfm.com\/noticias\/?p=130231"},"modified":"2023-12-06T09:22:52","modified_gmt":"2023-12-06T12:22:52","slug":"enfrentamiento-a-la-salida-de-una-fiesta-de-egresados","status":"publish","type":"post","link":"https:\/\/vinasfm.com\/noticias\/enfrentamiento-a-la-salida-de-una-fiesta-de-egresados\/","title":{"rendered":"ENFRENTAMIENTO A LA SALIDA DE UNA FIESTA DE EGRESADOS"},"content":{"rendered":"<p><span style=\"color: #000000;\"><strong>Adolescentes iniciaron una pelea con golpes al t\u00e9rmino de un evento que se realizaba en el Predio Ferial.<\/strong><\/span><\/p>\n<p><span style=\"color: #000000;\">Las im\u00e1genes muestran como distintos adolescentes se enfrentaban en una pelea sobre la Ruta 188, interfiriendo en el tr\u00e1fico y poniendo en riesgo su integridad f\u00edsica. Camioneros y padres <strong>intentaron disuadir la pelea.<\/strong><\/span><\/p>\n<p><span style=\"color: #000000;\">Desde la Comisar\u00eda 14, el Comisario Iv\u00e1n Berm\u00fadez, explic\u00f3 que \u201c<em><strong>por tratarse de un evento privado el personal policial solo interviene cuando se una alteraci\u00f3n en el orden p\u00fablico, pero no permanece durante toda la duraci\u00f3n del evento\u201d.<\/strong><\/em> Adem\u00e1s, destac\u00f3 que <strong><em>\u201cpor el momento no hay ninguna denuncia relacionada a los hechos mencionados\u201d.<\/em><\/strong><\/span><\/p>\n<div style=\"width: 480px;\" class=\"wp-video\"><video class=\"wp-video-shortcode\" id=\"video-130231-1\" width=\"480\" height=\"854\" preload=\"metadata\" controls=\"controls\"><source type=\"video\/mp4\" src=\"https:\/\/vinasfm.com\/noticias\/wp-content\/uploads\/2023\/12\/SaveInsta.App-3250398743500473093_3870861465.mp4?_=1\" \/><a href=\"https:\/\/vinasfm.com\/noticias\/wp-content\/uploads\/2023\/12\/SaveInsta.App-3250398743500473093_3870861465.mp4\">https:\/\/vinasfm.com\/noticias\/wp-content\/uploads\/2023\/12\/SaveInsta.App-3250398743500473093_3870861465.mp4<\/a><\/video><\/div>\n<h6>Imagenes compartidas en instagram (@sayin_ok)<\/h6>\n","protected":false},"excerpt":{"rendered":"<p>Adolescentes iniciaron una pelea con golpes al t\u00e9rmino de un evento que se realizaba en el Predio Ferial. Las im\u00e1genes muestran &#8230;<\/p>\n","protected":false},"author":7,"featured_media":130233,"comment_status":"open","ping_status":"open","sticky":false,"template":"","format":"standard","meta":{"footnotes":""},"categories":[5,11],"tags":[],"class_list":["post-130231","post","type-post","status-publish","format-standard","has-post-thumbnail","hentry","category-actualidad","category-sociales"],"_links":{"self":[{"href":"https:\/\/vinasfm.com\/noticias\/wp-json\/wp\/v2\/posts\/130231","targetHints":{"allow":["GET"]}}],"collection":[{"href":"https:\/\/vinasfm.com\/noticias\/wp-json\/wp\/v2\/posts"}],"about":[{"href":"https:\/\/vinasfm.com\/noticias\/wp-json\/wp\/v2\/types\/post"}],"author":[{"embeddable":true,"href":"https:\/\/vinasfm.com\/noticias\/wp-json\/wp\/v2\/users\/7"}],"replies":[{"embeddable":true,"href":"https:\/\/vinasfm.com\/noticias\/wp-json\/wp\/v2\/comments?post=130231"}],"version-history":[{"count":2,"href":"https:\/\/vinasfm.com\/noticias\/wp-json\/wp\/v2\/posts\/130231\/revisions"}],"predecessor-version":[{"id":130237,"href":"https:\/\/vinasfm.com\/noticias\/wp-json\/wp\/v2\/posts\/130231\/revisions\/130237"}],"wp:featuredmedia":[{"embeddable":true,"href":"https:\/\/vinasfm.com\/noticias\/wp-json\/wp\/v2\/media\/130233"}],"wp:attachment":[{"href":"https:\/\/vinasfm.com\/noticias\/wp-json\/wp\/v2\/media?parent=130231"}],"wp:term":[{"taxonomy":"category","embeddable":true,"href":"https:\/\/vinasfm.com\/noticias\/wp-json\/wp\/v2\/categories?post=130231"},{"taxonomy":"post_tag","embeddable":true,"href":"https:\/\/vinasfm.com\/noticias\/wp-json\/wp\/v2\/tags?post=130231"}],"curies":[{"name":"wp","href":"https:\/\/api.w.org\/{rel}","templated":true}]}}