{"id":130221,"date":"2023-12-04T09:53:24","date_gmt":"2023-12-04T12:53:24","guid":{"rendered":"https:\/\/vinasfm.com\/noticias\/?p=130221"},"modified":"2023-12-05T10:15:10","modified_gmt":"2023-12-05T13:15:10","slug":"marcolini-comienza-a-despedirse-de-su-mandato-me-voy-satisfecho","status":"publish","type":"post","link":"https:\/\/vinasfm.com\/noticias\/marcolini-comienza-a-despedirse-de-su-mandato-me-voy-satisfecho\/","title":{"rendered":"MARCOLINI COMIENZA A DESPEDIRSE DE SU MANDATO: ME VOY SATISFECHO\u00bb"},"content":{"rendered":"<p><strong>Pronto a culminar su gesti\u00f3n y asumir como legislador, el hasta ahora Intendente de General Alvear brind\u00f3 un peque\u00f1o balance de su gesti\u00f3n. <\/strong><\/p>\n<p>El 10 de diciembre de 2015, Walther Marcolini llegaba a la intendencia para luego ser reelecto en el a\u00f1o 2019. A modo de ponerle un broche de oro a la gesti\u00f3n, el Sr. Intendente particip\u00f3 del acto de colaci\u00f3n de alumnos de la Licenciatura en Ciencias de la Educaci\u00f3n; <strong><em>\u201cson noticias muy importantes porque encontramos a muchas personas que luchan por la educaci\u00f3n y deciden seguir capacit\u00e1ndose. Esto nos ilusiona porque demuestra que la gente sigue apostando por el crecimiento\u201d. <\/em><\/strong><\/p>\n<p>La gesti\u00f3n de Marcolini se vio marcada por el gran apoyo a la educaci\u00f3n en el departamento, desde la creaci\u00f3n de nuevos edificios educativos hasta la incorporaci\u00f3n de nuevas carreras a UGACOOP y otros establecimientos. <strong><em>\u201cLa educaci\u00f3n evoluciona a\u00f1o a a\u00f1o y de ah\u00ed viene nuestro compromiso. Los alvearenses no van a dejar de irse, pero el departamento puede crear m\u00e1s oportunidades educativas para que m\u00e1s personas decidan llegar a Alvear y quedarse\u201d,<\/em><\/strong> expres\u00f3 el mandatario y agreg\u00f3 <strong><em>\u201cen 20 a\u00f1o hemos tenido un cambio extraordinario en materia de educaci\u00f3n superior, universitaria y no universitaria\u201d. \u00a0<\/em><\/strong><\/p>\n<p><strong><em>\u201cMe voy satisfecho porque trabaj\u00e9 8 achos incansablemente. Tuve un equipo que trabaj\u00f3 en funci\u00f3n de una visi\u00f3n, plante\u00e1ndonos objetivos que logramos concretar\u201d, <\/em><\/strong>reflexion\u00f3 Marcolini y continu\u00f3, <strong><em>\u201cpueden decir que no hemos mejorado la calidad de vida de nuestros ciudadanos, solo queda recorrer el departamento y hablar con los vecinos. Realizamos un importante trabajo de urbanizaci\u00f3n con el objetivo de acercarnos a cada alvearense\u201d.<\/em><\/strong><\/p>\n<p>Sobre el paso de mando, sostuvo que <strong><em>\u201chemos dejado todo listo para que la pr\u00f3xima gesti\u00f3n pueda iniciar de la mejor manera. Hay proyectos que nacieron con nuestra gesti\u00f3n pero que se van a comenzar a ver y concretar en la pr\u00f3xima, m\u00e1s all\u00e1 del tiempo es importante destacar el apoyo y crecimiento de General Alvear\u201d.<\/em><\/strong><\/p>\n<p><span style=\"color: #000000;\">El pr\u00f3ximo 10 de diciembre, Walther Marcolini le entregar\u00e1 el mandato a Alejandro Molero, quien resulto electo intendente en las pasadas Elecciones Municipales. El acto se realizar\u00e1 en la primera cuadra de la Avenida Alvear Oeste, de espaldas al Monumento al General San Mart\u00edn.\u00a0<\/span><\/p>\n<p><span style=\"color: #000000;\">El pr\u00f3ximo 12 de diciembre, Marcolini\u00a0 jurar\u00e1 su cargo a senador provincial junto a los tambi\u00e9n legisladores electos Gustavo Soto, Marcelino Iglesias.<\/span><\/p>\n","protected":false},"excerpt":{"rendered":"<p>Pronto a culminar su gesti\u00f3n y asumir como legislador, el hasta ahora Intendente de General Alvear brind\u00f3 un peque\u00f1o balance de &#8230;<\/p>\n","protected":false},"author":7,"featured_media":130222,"comment_status":"open","ping_status":"open","sticky":false,"template":"","format":"standard","meta":{"footnotes":""},"categories":[5,10],"tags":[],"class_list":["post-130221","post","type-post","status-publish","format-standard","has-post-thumbnail","hentry","category-actualidad","category-destacadas"],"_links":{"self":[{"href":"https:\/\/vinasfm.com\/noticias\/wp-json\/wp\/v2\/posts\/130221","targetHints":{"allow":["GET"]}}],"collection":[{"href":"https:\/\/vinasfm.com\/noticias\/wp-json\/wp\/v2\/posts"}],"about":[{"href":"https:\/\/vinasfm.com\/noticias\/wp-json\/wp\/v2\/types\/post"}],"author":[{"embeddable":true,"href":"https:\/\/vinasfm.com\/noticias\/wp-json\/wp\/v2\/users\/7"}],"replies":[{"embeddable":true,"href":"https:\/\/vinasfm.com\/noticias\/wp-json\/wp\/v2\/comments?post=130221"}],"version-history":[{"count":3,"href":"https:\/\/vinasfm.com\/noticias\/wp-json\/wp\/v2\/posts\/130221\/revisions"}],"predecessor-version":[{"id":130272,"href":"https:\/\/vinasfm.com\/noticias\/wp-json\/wp\/v2\/posts\/130221\/revisions\/130272"}],"wp:featuredmedia":[{"embeddable":true,"href":"https:\/\/vinasfm.com\/noticias\/wp-json\/wp\/v2\/media\/130222"}],"wp:attachment":[{"href":"https:\/\/vinasfm.com\/noticias\/wp-json\/wp\/v2\/media?parent=130221"}],"wp:term":[{"taxonomy":"category","embeddable":true,"href":"https:\/\/vinasfm.com\/noticias\/wp-json\/wp\/v2\/categories?post=130221"},{"taxonomy":"post_tag","embeddable":true,"href":"https:\/\/vinasfm.com\/noticias\/wp-json\/wp\/v2\/tags?post=130221"}],"curies":[{"name":"wp","href":"https:\/\/api.w.org\/{rel}","templated":true}]}}