{"id":130197,"date":"2023-12-02T08:44:53","date_gmt":"2023-12-02T11:44:53","guid":{"rendered":"https:\/\/vinasfm.com\/noticias\/?p=130197"},"modified":"2023-12-04T08:57:44","modified_gmt":"2023-12-04T11:57:44","slug":"comienza-a-funcionar-el-mercado-concentrador-de-general-alvear","status":"publish","type":"post","link":"https:\/\/vinasfm.com\/noticias\/comienza-a-funcionar-el-mercado-concentrador-de-general-alvear\/","title":{"rendered":"COMIENZA A FUNCIONAR EL MERCADO CONCENTRADOR DE GENERAL ALVEAR"},"content":{"rendered":"<p><strong>El edificio fue recuperado en la gesti\u00f3n del Intendente Walther Marcolini y con la formaci\u00f3n de una cooperativa, con 11 integrantes, hoy ya est\u00e1 en funcionamiento.\u00a0<\/strong><\/p>\n<p>Javier L\u00f3pez, presidente de la cooperativa a cargo de MerCoop, se\u00f1al\u00f3 que <strong>\u201csi bien ya est\u00e1 funcionando normalmente, a\u00fan nos faltan algunas habilitaciones que est\u00e1n prontas a salir\u201d. <\/strong>As\u00ed mismo, el mercado est\u00e1 disponible para cualquier productor que quiere trabajar en \u00e9l.<\/p>\n<p>El inmueble ubicado en el Acceso Norte cuenta con diferentes puestos que posibilitar\u00e1n la comercializaci\u00f3n de productos locales, as\u00ed mismo L\u00f3pez asegur\u00f3 que<strong><em> \u201cquedar\u00e1 chico en muy poco tiempo. Hay muchos productores y clientes interesados en llegar a MerCoop, es por eso que cuenta con un enorme potencial\u201d. <\/em><\/strong><\/p>\n<p>Con una vista hacia el futuro, el presidente de la cooperativa asegur\u00f3 que <em><strong>\u201cla cooperativa se form\u00f3 convencida de que el mercado tiene que funcionar a futuro, sin permitir que nadie se adue\u00f1e del mismo. Ahora, nuestro mayor desaf\u00edo es mantenernos en el tiempo junto a las siguientes generaciones\u201d. <\/strong><\/em><\/p>\n","protected":false},"excerpt":{"rendered":"<p>El edificio fue recuperado en la gesti\u00f3n del Intendente Walther Marcolini y con la formaci\u00f3n de una cooperativa, con 11 integrantes, &#8230;<\/p>\n","protected":false},"author":7,"featured_media":130200,"comment_status":"open","ping_status":"open","sticky":false,"template":"","format":"standard","meta":{"footnotes":""},"categories":[5,69],"tags":[],"class_list":["post-130197","post","type-post","status-publish","format-standard","has-post-thumbnail","hentry","category-actualidad","category-comercio"],"_links":{"self":[{"href":"https:\/\/vinasfm.com\/noticias\/wp-json\/wp\/v2\/posts\/130197","targetHints":{"allow":["GET"]}}],"collection":[{"href":"https:\/\/vinasfm.com\/noticias\/wp-json\/wp\/v2\/posts"}],"about":[{"href":"https:\/\/vinasfm.com\/noticias\/wp-json\/wp\/v2\/types\/post"}],"author":[{"embeddable":true,"href":"https:\/\/vinasfm.com\/noticias\/wp-json\/wp\/v2\/users\/7"}],"replies":[{"embeddable":true,"href":"https:\/\/vinasfm.com\/noticias\/wp-json\/wp\/v2\/comments?post=130197"}],"version-history":[{"count":1,"href":"https:\/\/vinasfm.com\/noticias\/wp-json\/wp\/v2\/posts\/130197\/revisions"}],"predecessor-version":[{"id":130201,"href":"https:\/\/vinasfm.com\/noticias\/wp-json\/wp\/v2\/posts\/130197\/revisions\/130201"}],"wp:featuredmedia":[{"embeddable":true,"href":"https:\/\/vinasfm.com\/noticias\/wp-json\/wp\/v2\/media\/130200"}],"wp:attachment":[{"href":"https:\/\/vinasfm.com\/noticias\/wp-json\/wp\/v2\/media?parent=130197"}],"wp:term":[{"taxonomy":"category","embeddable":true,"href":"https:\/\/vinasfm.com\/noticias\/wp-json\/wp\/v2\/categories?post=130197"},{"taxonomy":"post_tag","embeddable":true,"href":"https:\/\/vinasfm.com\/noticias\/wp-json\/wp\/v2\/tags?post=130197"}],"curies":[{"name":"wp","href":"https:\/\/api.w.org\/{rel}","templated":true}]}}