{"id":130192,"date":"2023-12-04T08:32:27","date_gmt":"2023-12-04T11:32:27","guid":{"rendered":"https:\/\/vinasfm.com\/noticias\/?p=130192"},"modified":"2023-12-04T11:09:10","modified_gmt":"2023-12-04T14:09:10","slug":"tres-nuevos-robos-se-registraron-durante-el-fin-de-semana","status":"publish","type":"post","link":"https:\/\/vinasfm.com\/noticias\/tres-nuevos-robos-se-registraron-durante-el-fin-de-semana\/","title":{"rendered":"TRES NUEVOS ROBOS SE REGISTRARON DURANTE EL FIN DE SEMANA"},"content":{"rendered":"<p><strong>Robaron desde tel\u00e9fonos celulares hasta un cuatriciclo.\u00a0<\/strong><\/p>\n<p>El d\u00eda s\u00e1bado, en horas de la ma\u00f1ana, personal policial es desplazado a calle <strong>Artola al 1000.<\/strong> Un sujeto ingres\u00f3 a la vivienda <strong>a trav\u00e9s de una ventana que se encontraba abierta y sin medidas de seguridad<\/strong>. Los propietarios del inmueble advirtieron su presencia cuando <strong>intentaba sustraer un televisor<\/strong>, por lo que r\u00e1pidamente<strong> se dio a la fuga llevantose consigo una billetera con dinero.\u00a0<\/strong><\/p>\n<p>El d\u00eda domingo, cerca de las 21:00 horas, <strong>dos menores de edad, de 11 y 13 a\u00f1os<\/strong>; circulaban por <strong>calle Uspallata y al llegar a la intersecci\u00f3n con calle P\u00fablica N\u00b0 1<\/strong>, fueron interceptados por un sujeto el cual <strong>previo a amenazarlos con un arma blanca les sustre dos tel\u00e9fonos celulares.\u00a0<\/strong><\/p>\n<p>Por \u00faltimo, el d\u00eda domingo cerca de las 22:00 horas, se toma conocimiento de un il\u00edcito en un domicilio ubicado en calle <strong>Sargento Medina al 1600<\/strong>. La v\u00edctima dio cuenta que sinti\u00f3 ruidos en el patio, a posterior constata\u00a0 que personas desconocidas <strong>hab\u00edan sustra\u00eddo<\/strong>, sin ejercer violencia, <strong>un cuatriciclo de 50 cc.\u00a0<\/strong><\/p>\n","protected":false},"excerpt":{"rendered":"<p>Robaron desde tel\u00e9fonos celulares hasta un cuatriciclo.\u00a0 El d\u00eda s\u00e1bado, en horas de la ma\u00f1ana, personal policial es desplazado a calle &#8230;<\/p>\n","protected":false},"author":7,"featured_media":129809,"comment_status":"open","ping_status":"open","sticky":false,"template":"","format":"standard","meta":{"footnotes":""},"categories":[5,4],"tags":[],"class_list":["post-130192","post","type-post","status-publish","format-standard","has-post-thumbnail","hentry","category-actualidad","category-policiales"],"_links":{"self":[{"href":"https:\/\/vinasfm.com\/noticias\/wp-json\/wp\/v2\/posts\/130192","targetHints":{"allow":["GET"]}}],"collection":[{"href":"https:\/\/vinasfm.com\/noticias\/wp-json\/wp\/v2\/posts"}],"about":[{"href":"https:\/\/vinasfm.com\/noticias\/wp-json\/wp\/v2\/types\/post"}],"author":[{"embeddable":true,"href":"https:\/\/vinasfm.com\/noticias\/wp-json\/wp\/v2\/users\/7"}],"replies":[{"embeddable":true,"href":"https:\/\/vinasfm.com\/noticias\/wp-json\/wp\/v2\/comments?post=130192"}],"version-history":[{"count":2,"href":"https:\/\/vinasfm.com\/noticias\/wp-json\/wp\/v2\/posts\/130192\/revisions"}],"predecessor-version":[{"id":130235,"href":"https:\/\/vinasfm.com\/noticias\/wp-json\/wp\/v2\/posts\/130192\/revisions\/130235"}],"wp:featuredmedia":[{"embeddable":true,"href":"https:\/\/vinasfm.com\/noticias\/wp-json\/wp\/v2\/media\/129809"}],"wp:attachment":[{"href":"https:\/\/vinasfm.com\/noticias\/wp-json\/wp\/v2\/media?parent=130192"}],"wp:term":[{"taxonomy":"category","embeddable":true,"href":"https:\/\/vinasfm.com\/noticias\/wp-json\/wp\/v2\/categories?post=130192"},{"taxonomy":"post_tag","embeddable":true,"href":"https:\/\/vinasfm.com\/noticias\/wp-json\/wp\/v2\/tags?post=130192"}],"curies":[{"name":"wp","href":"https:\/\/api.w.org\/{rel}","templated":true}]}}