{"id":130186,"date":"2023-12-02T11:19:12","date_gmt":"2023-12-02T14:19:12","guid":{"rendered":"https:\/\/vinasfm.com\/noticias\/?p=130186"},"modified":"2023-12-04T09:30:20","modified_gmt":"2023-12-04T12:30:20","slug":"el-circulo-medico-de-mendoza-define-otro-aumento-de-la-consulta-antes-de-la-asuncion-de-milei","status":"publish","type":"post","link":"https:\/\/vinasfm.com\/noticias\/el-circulo-medico-de-mendoza-define-otro-aumento-de-la-consulta-antes-de-la-asuncion-de-milei\/","title":{"rendered":"EL C\u00cdRCULO M\u00c9DICO DE MENDOZA DEFINE OTRO AUMENTO DE LA CONSULTA ANTES DE LA ASUNCI\u00d3N DE MILEI"},"content":{"rendered":"<p><strong>El \u00faltimo incremento fue de $6.000 a $7.300 y se espera que haya un ajuste del 12% en los pr\u00f3ximos d\u00edas. Hay expectativas por los anuncios del presidente electo Javier Milei.<\/strong><\/p>\n<p>Las asociaciones m\u00e9dicas que est\u00e1n incluidas en el<strong>\u00a0C\u00edrculo M\u00e9dico de Mendoza definir\u00e1n la semana pr\u00f3xima\u00a0un aumento de la consulta\u00a0<\/strong>a los afiliados de las prepagas, que\u00a0<strong>actualmente es de $7.300.<\/strong><\/p>\n<p>En los pr\u00f3ximos d\u00edas se actualizar\u00e1<strong>\u00a0el bono no reintegrable en un 12%<\/strong>\u00a0estimado, seg\u00fan confirmaron desde la entidad.<strong>\u00a0Pero tambi\u00e9n los profesionales de la salud est\u00e1n a la espera de los anuncios del presidente electo, Javier Milei, sobre el sistema de aranceles.<\/strong><\/p>\n<p>Conforme a los ajustes mensuales, se deb\u00eda actualizar este viernes 1 de diciembre pero se tomar\u00e1n unos d\u00edas m\u00e1s y comunicar\u00e1n oportunamente los cambios, adelant\u00f3 el titular del<strong>\u00a0C\u00edrculo M\u00e9dico, Lodovico Palma.<\/strong><\/p>\n<p>Desde el 1 de septiembre se implement\u00f3 el cobro de un copago de $6.000 a los afiliados de obras sociales, mutuales y prepagas para compensar el retraso en la liquidaci\u00f3n y en los convenios frente a la inflaci\u00f3n.<\/p>\n<p><strong>En estos tres meses, las obras sociales y las prepagas fueron acordando con las entidades m\u00e9dicas y aumentando el porcentaje de la cobertura.<\/strong><\/p>\n<p>Desde las entidades profesionales llamaron a los pacientes a asesorarse c\u00f3mo hab\u00eda quedado cada convenio, dependiendo de la gerenciadora del sistema.<\/p>\n<h2><strong>Expectativas por los anuncios de Javier Milei<\/strong><\/h2>\n<p>Palma tambi\u00e9n adelant\u00f3 que las asociaciones m\u00e9dicas que aplican el cobro de la consulta aguardan el cambio de gobierno, que se producir\u00e1 la semana que viene, para conocer la pol\u00edtica sanitaria y la<strong>\u00a0actualizaci\u00f3n de los aranceles que hab\u00edan quedado relegados con la alta inflaci\u00f3n.<\/strong><\/p>\n<p>El conflicto entre los m\u00e9dicos y los gerenciadores del sistema se dio luego de varias instancias de negociaci\u00f3n, donde se advert\u00edan atrasos en los pagos de las pr\u00e1cticas de casi dos meses.<\/p>\n<p>Finalmente, sin respuestas a los reclamos, se impuso el cobro de la consulta m\u00ednima \u00e9tica que luego se extendi\u00f3 a todo el pa\u00eds. Qued\u00f3 pendiente una resoluci\u00f3n m\u00e1s de fondo en este conflicto en la salud privada.<\/p>\n<p>&nbsp;<\/p>\n","protected":false},"excerpt":{"rendered":"<p>El \u00faltimo incremento fue de $6.000 a $7.300 y se espera que haya un ajuste del 12% en los pr\u00f3ximos d\u00edas. &#8230;<\/p>\n","protected":false},"author":7,"featured_media":130187,"comment_status":"open","ping_status":"open","sticky":false,"template":"","format":"standard","meta":{"footnotes":""},"categories":[5,15],"tags":[],"class_list":["post-130186","post","type-post","status-publish","format-standard","has-post-thumbnail","hentry","category-actualidad","category-salud"],"_links":{"self":[{"href":"https:\/\/vinasfm.com\/noticias\/wp-json\/wp\/v2\/posts\/130186","targetHints":{"allow":["GET"]}}],"collection":[{"href":"https:\/\/vinasfm.com\/noticias\/wp-json\/wp\/v2\/posts"}],"about":[{"href":"https:\/\/vinasfm.com\/noticias\/wp-json\/wp\/v2\/types\/post"}],"author":[{"embeddable":true,"href":"https:\/\/vinasfm.com\/noticias\/wp-json\/wp\/v2\/users\/7"}],"replies":[{"embeddable":true,"href":"https:\/\/vinasfm.com\/noticias\/wp-json\/wp\/v2\/comments?post=130186"}],"version-history":[{"count":1,"href":"https:\/\/vinasfm.com\/noticias\/wp-json\/wp\/v2\/posts\/130186\/revisions"}],"predecessor-version":[{"id":130188,"href":"https:\/\/vinasfm.com\/noticias\/wp-json\/wp\/v2\/posts\/130186\/revisions\/130188"}],"wp:featuredmedia":[{"embeddable":true,"href":"https:\/\/vinasfm.com\/noticias\/wp-json\/wp\/v2\/media\/130187"}],"wp:attachment":[{"href":"https:\/\/vinasfm.com\/noticias\/wp-json\/wp\/v2\/media?parent=130186"}],"wp:term":[{"taxonomy":"category","embeddable":true,"href":"https:\/\/vinasfm.com\/noticias\/wp-json\/wp\/v2\/categories?post=130186"},{"taxonomy":"post_tag","embeddable":true,"href":"https:\/\/vinasfm.com\/noticias\/wp-json\/wp\/v2\/tags?post=130186"}],"curies":[{"name":"wp","href":"https:\/\/api.w.org\/{rel}","templated":true}]}}