{"id":130178,"date":"2023-12-02T09:29:28","date_gmt":"2023-12-02T12:29:28","guid":{"rendered":"https:\/\/vinasfm.com\/noticias\/?p=130178"},"modified":"2023-12-04T09:14:12","modified_gmt":"2023-12-04T12:14:12","slug":"otra-familia-alvearense-reclama-por-el-accionar-de-la-justicia","status":"publish","type":"post","link":"https:\/\/vinasfm.com\/noticias\/otra-familia-alvearense-reclama-por-el-accionar-de-la-justicia\/","title":{"rendered":"OTRA FAMILIA ALVEARENSE RECLAMA POR EL ACCIONAR DE LA JUSTICIA"},"content":{"rendered":"<p><strong>La familia sufri\u00f3 el robo de una motocicleta y una semana despu\u00e9s la justicia autoriz\u00f3 el allanamiento.<\/strong><\/p>\n<p>Valeria Parra relat\u00f3 la indignante situaci\u00f3n que atraviesa junto a su hijo, qui\u00e9n es propietario de la motocicleta 150 cc marca Zanella. <strong><em>\u00abEl pasado jueves le robaron la moto en la calle 26 de Julio, nosotros hicimos la denuncia el mismo d\u00eda pero la fiscal di\u00f3 la orden de allanamiento una semana despu\u00e9s\u00bb.\u00a0<\/em><\/strong><\/p>\n<div style=\"width: 720px;\" class=\"wp-video\"><video class=\"wp-video-shortcode\" id=\"video-130178-1\" width=\"720\" height=\"400\" preload=\"metadata\" controls=\"controls\"><source type=\"video\/mp4\" src=\"https:\/\/vinasfm.com\/noticias\/wp-content\/uploads\/2023\/12\/VID-20231202-WA0002.mp4?_=1\" \/><a href=\"https:\/\/vinasfm.com\/noticias\/wp-content\/uploads\/2023\/12\/VID-20231202-WA0002.mp4\">https:\/\/vinasfm.com\/noticias\/wp-content\/uploads\/2023\/12\/VID-20231202-WA0002.mp4<\/a><\/video><\/div>\n<p>Parra explic\u00f3 que dieron los nombres de las personas implicadas, 2 mayores de edad y un menor,<strong><em> \u00absupuestamente hicieron el allanamiento pero dio resultados negativos\u00bb<\/em><\/strong>, se\u00f1al\u00f3.<strong><em> \u00abNecesitamos que la Justicia nos de una respuesta satisfactoria porque nosotros les dimos los nombres, solo nos dicen que tenemos que esperar\u00bb.\u00a0<\/em><\/strong><\/p>\n<p>Por \u00faltimo, Valeria Parra, lament\u00f3 nuevamente la demora con la que se autoriz\u00f3 el allanamiento: <strong><em>\u00abno entiendo por qu\u00e9 la fiscal demor\u00f3 tanto, ya se sabe qui\u00e9nes son los delicuentes y qu\u00e9 zonas frecuentan\u00bb.<\/em><\/strong><\/p>\n","protected":false},"excerpt":{"rendered":"<p>La familia sufri\u00f3 el robo de una motocicleta y una semana despu\u00e9s la justicia autoriz\u00f3 el allanamiento. Valeria Parra relat\u00f3 la &#8230;<\/p>\n","protected":false},"author":7,"featured_media":130179,"comment_status":"open","ping_status":"open","sticky":false,"template":"","format":"standard","meta":{"footnotes":""},"categories":[5,11],"tags":[],"class_list":["post-130178","post","type-post","status-publish","format-standard","has-post-thumbnail","hentry","category-actualidad","category-sociales"],"_links":{"self":[{"href":"https:\/\/vinasfm.com\/noticias\/wp-json\/wp\/v2\/posts\/130178","targetHints":{"allow":["GET"]}}],"collection":[{"href":"https:\/\/vinasfm.com\/noticias\/wp-json\/wp\/v2\/posts"}],"about":[{"href":"https:\/\/vinasfm.com\/noticias\/wp-json\/wp\/v2\/types\/post"}],"author":[{"embeddable":true,"href":"https:\/\/vinasfm.com\/noticias\/wp-json\/wp\/v2\/users\/7"}],"replies":[{"embeddable":true,"href":"https:\/\/vinasfm.com\/noticias\/wp-json\/wp\/v2\/comments?post=130178"}],"version-history":[{"count":2,"href":"https:\/\/vinasfm.com\/noticias\/wp-json\/wp\/v2\/posts\/130178\/revisions"}],"predecessor-version":[{"id":130210,"href":"https:\/\/vinasfm.com\/noticias\/wp-json\/wp\/v2\/posts\/130178\/revisions\/130210"}],"wp:featuredmedia":[{"embeddable":true,"href":"https:\/\/vinasfm.com\/noticias\/wp-json\/wp\/v2\/media\/130179"}],"wp:attachment":[{"href":"https:\/\/vinasfm.com\/noticias\/wp-json\/wp\/v2\/media?parent=130178"}],"wp:term":[{"taxonomy":"category","embeddable":true,"href":"https:\/\/vinasfm.com\/noticias\/wp-json\/wp\/v2\/categories?post=130178"},{"taxonomy":"post_tag","embeddable":true,"href":"https:\/\/vinasfm.com\/noticias\/wp-json\/wp\/v2\/tags?post=130178"}],"curies":[{"name":"wp","href":"https:\/\/api.w.org\/{rel}","templated":true}]}}