{"id":130173,"date":"2023-12-02T08:39:26","date_gmt":"2023-12-02T11:39:26","guid":{"rendered":"https:\/\/vinasfm.com\/noticias\/?p=130173"},"modified":"2023-12-04T09:14:41","modified_gmt":"2023-12-04T12:14:41","slug":"el-partido-libertario-expreso-su-desacuerdo-con-el-pedido-de-mirta-martinez","status":"publish","type":"post","link":"https:\/\/vinasfm.com\/noticias\/el-partido-libertario-expreso-su-desacuerdo-con-el-pedido-de-mirta-martinez\/","title":{"rendered":"EL PARTIDO LIBERTARIO EXPRES\u00d3 SU DESACUERDO CON EL PEDIDO DE MIRTA MART\u00cdNEZ"},"content":{"rendered":"<p><strong>A ra\u00edz de que la concejal electa solicit\u00f3 partir el bloque de la Uni\u00f3n Mendocina, diferentes figuras pol\u00edticas locales mostraron su descontento.<\/strong><\/p>\n<p>Pablo Peralta realiz\u00f3 un descargo en nombre del Partido Lebertario, <strong><em>\u00ablos sucesos ocurridos van por fuera del partido, son meramente hechos por intereses personales\u00bb.<\/em> <\/strong>Sobre el pedido de Mart\u00ednez, de abrir un nuevo bloque dentro del Honorable Concejo Deliberante, sostuvo que <strong><em>\u00abla ideolog\u00eda partidaria va en contra de todo esto, si en alg\u00fan momento nos llega un cargo queremos que sea por merecimiento y no hecho a la fuerza\u00bb.<\/em><\/strong><\/p>\n<p><strong><em>\u00abNo estamos para nada de acuerdo con que se abran nuevos bloques, ya sea por ella o por otros miembros del HCD\u00bb<\/em><\/strong>, apunt\u00f3.<\/p>\n<p>Por otro lado, Peralta se refiri\u00f3 a la ruptura dentro del partido en General Alvear. Hace algunos d\u00edas, referentes del partido se presentaron en una conferencia de prensa que realizaba Andrea P\u00e9rez Bernal con el objetivo de evitarla; <strong><em>\u00abdesde ahora se va a producir una divisi\u00f3n en el Partido Libertario, nuestra rama \u00e9sa compuesta por gente trabajadora que tiene la misma ideolog\u00eda\u00bb.<\/em><\/strong><\/p>\n<p><strong><em>Por \u00faltimo, el libertario<\/em><\/strong> fue contundente. <strong><em>\u00abLa gente est\u00e1 enojada. Hace poco m\u00e1s de semanas que Javier Milei gan\u00f3 las elecciones, a\u00fan no asume y ya rupturas dentro del partido\u00bb.<\/em><\/strong><\/p>\n","protected":false},"excerpt":{"rendered":"<p>A ra\u00edz de que la concejal electa solicit\u00f3 partir el bloque de la Uni\u00f3n Mendocina, diferentes figuras pol\u00edticas locales mostraron su &#8230;<\/p>\n","protected":false},"author":7,"featured_media":130175,"comment_status":"open","ping_status":"open","sticky":false,"template":"","format":"standard","meta":{"footnotes":""},"categories":[5,7],"tags":[],"class_list":["post-130173","post","type-post","status-publish","format-standard","has-post-thumbnail","hentry","category-actualidad","category-politica"],"_links":{"self":[{"href":"https:\/\/vinasfm.com\/noticias\/wp-json\/wp\/v2\/posts\/130173","targetHints":{"allow":["GET"]}}],"collection":[{"href":"https:\/\/vinasfm.com\/noticias\/wp-json\/wp\/v2\/posts"}],"about":[{"href":"https:\/\/vinasfm.com\/noticias\/wp-json\/wp\/v2\/types\/post"}],"author":[{"embeddable":true,"href":"https:\/\/vinasfm.com\/noticias\/wp-json\/wp\/v2\/users\/7"}],"replies":[{"embeddable":true,"href":"https:\/\/vinasfm.com\/noticias\/wp-json\/wp\/v2\/comments?post=130173"}],"version-history":[{"count":1,"href":"https:\/\/vinasfm.com\/noticias\/wp-json\/wp\/v2\/posts\/130173\/revisions"}],"predecessor-version":[{"id":130176,"href":"https:\/\/vinasfm.com\/noticias\/wp-json\/wp\/v2\/posts\/130173\/revisions\/130176"}],"wp:featuredmedia":[{"embeddable":true,"href":"https:\/\/vinasfm.com\/noticias\/wp-json\/wp\/v2\/media\/130175"}],"wp:attachment":[{"href":"https:\/\/vinasfm.com\/noticias\/wp-json\/wp\/v2\/media?parent=130173"}],"wp:term":[{"taxonomy":"category","embeddable":true,"href":"https:\/\/vinasfm.com\/noticias\/wp-json\/wp\/v2\/categories?post=130173"},{"taxonomy":"post_tag","embeddable":true,"href":"https:\/\/vinasfm.com\/noticias\/wp-json\/wp\/v2\/tags?post=130173"}],"curies":[{"name":"wp","href":"https:\/\/api.w.org\/{rel}","templated":true}]}}