{"id":130170,"date":"2023-12-01T19:16:19","date_gmt":"2023-12-01T22:16:19","guid":{"rendered":"https:\/\/vinasfm.com\/noticias\/?p=130170"},"modified":"2023-12-04T09:15:02","modified_gmt":"2023-12-04T12:15:02","slug":"comienza-el-ultimo-tramo-del-ciclo-lectivo-2023","status":"publish","type":"post","link":"https:\/\/vinasfm.com\/noticias\/comienza-el-ultimo-tramo-del-ciclo-lectivo-2023\/","title":{"rendered":"COMIENZA EL \u00daLTIMO TRAMO DEL CICLO LECTIVO 2023"},"content":{"rendered":"<p><span style=\"color: #000000;\"><strong>Los docentes deber\u00e1n participar en las Jornadas Institucionales obligatorias del lunes 18 y martes 19 de diciembre. El nivel Inicial y Primario concluye el jueves 7 de diciembre y los estudiantes secundarios que no deben espacios curriculares finalizaron el jueves 30 de noviembre.<\/strong><\/span><\/p>\n<p><span style=\"color: #000000;\">La Direcci\u00f3n General de Escuelas (DGE) informa las pr\u00f3ximas fechas importantes para que las familias tengan en cuenta sobre la finalizaci\u00f3n del Ciclo Lectivo 2023.<\/span><\/p>\n<p><span style=\"color: #000000;\">Los estudiantes del nivel Inicial finalizan las clases el jueves 7 de diciembre. Los docentes de ese nivel desarrollar\u00e1n las Jornadas Institucionales obligatorias los d\u00edas 18 y 19 de diciembre y los directores y supervisores concluir\u00e1n sus actividades el viernes 22 de diciembre.<\/span><\/p>\n<p><span style=\"color: #000000;\">Con respecto al Nivel Primario, los estudiantes que aprobaron todos los espacios curriculares finalizar\u00e1n la actividad el 7 de diciembre. Aquellos ni\u00f1os y ni\u00f1as que lo necesiten contar\u00e1n con el per\u00edodo de intensificaci\u00f3n de saberes, del 11 al 15 de diciembre. Los docentes desarrollar\u00e1n las Jornadas Institucionales los d\u00edas 18 y 19 de diciembre. El 22 de diciembre es el fin del per\u00edodo escolar correspondiente a directores y supervisores.<\/span><\/p>\n<p><span style=\"color: #000000;\">Respecto del Nivel Secundario, se recuerda que del 30 de octubre al 30 de noviembre se desarroll\u00f3 el per\u00edodo de recuperaci\u00f3n de saberes para todos aquellos estudiantes que lo necesitaron. Los estudiantes secundarios que aprobaron todos sus espacios curriculares finalizaron las clases el 30 de noviembre; en tanto, el 15 de diciembre finaliza la actividad para el resto de los estudiantes. Tambi\u00e9n, como en el resto de los niveles escolares, el 18 y 19 de diciembre se desarrollar\u00e1n las Jornadas Institucionales destinadas a docentes.<\/span><\/p>\n<p><span style=\"color: #000000;\">El 19 diciembre es el \u00faltimo d\u00eda de actividad docente de nivel secundario y el 22 y 23 de diciembre finalizan los directores y supervisores.<\/span><\/p>\n","protected":false},"excerpt":{"rendered":"<p>Los docentes deber\u00e1n participar en las Jornadas Institucionales obligatorias del lunes 18 y martes 19 de diciembre. El nivel Inicial y &#8230;<\/p>\n","protected":false},"author":7,"featured_media":130171,"comment_status":"open","ping_status":"open","sticky":false,"template":"","format":"standard","meta":{"footnotes":""},"categories":[5,18],"tags":[],"class_list":["post-130170","post","type-post","status-publish","format-standard","has-post-thumbnail","hentry","category-actualidad","category-educacion"],"_links":{"self":[{"href":"https:\/\/vinasfm.com\/noticias\/wp-json\/wp\/v2\/posts\/130170","targetHints":{"allow":["GET"]}}],"collection":[{"href":"https:\/\/vinasfm.com\/noticias\/wp-json\/wp\/v2\/posts"}],"about":[{"href":"https:\/\/vinasfm.com\/noticias\/wp-json\/wp\/v2\/types\/post"}],"author":[{"embeddable":true,"href":"https:\/\/vinasfm.com\/noticias\/wp-json\/wp\/v2\/users\/7"}],"replies":[{"embeddable":true,"href":"https:\/\/vinasfm.com\/noticias\/wp-json\/wp\/v2\/comments?post=130170"}],"version-history":[{"count":1,"href":"https:\/\/vinasfm.com\/noticias\/wp-json\/wp\/v2\/posts\/130170\/revisions"}],"predecessor-version":[{"id":130172,"href":"https:\/\/vinasfm.com\/noticias\/wp-json\/wp\/v2\/posts\/130170\/revisions\/130172"}],"wp:featuredmedia":[{"embeddable":true,"href":"https:\/\/vinasfm.com\/noticias\/wp-json\/wp\/v2\/media\/130171"}],"wp:attachment":[{"href":"https:\/\/vinasfm.com\/noticias\/wp-json\/wp\/v2\/media?parent=130170"}],"wp:term":[{"taxonomy":"category","embeddable":true,"href":"https:\/\/vinasfm.com\/noticias\/wp-json\/wp\/v2\/categories?post=130170"},{"taxonomy":"post_tag","embeddable":true,"href":"https:\/\/vinasfm.com\/noticias\/wp-json\/wp\/v2\/tags?post=130170"}],"curies":[{"name":"wp","href":"https:\/\/api.w.org\/{rel}","templated":true}]}}