{"id":130152,"date":"2023-12-01T11:23:43","date_gmt":"2023-12-01T14:23:43","guid":{"rendered":"https:\/\/vinasfm.com\/noticias\/?p=130152"},"modified":"2023-12-02T10:13:52","modified_gmt":"2023-12-02T13:13:52","slug":"el-renaper-lanza-el-nuevo-dni-electronico-como-funcionara-y-que-ocurrira-con-los-documentos-actuales","status":"publish","type":"post","link":"https:\/\/vinasfm.com\/noticias\/el-renaper-lanza-el-nuevo-dni-electronico-como-funcionara-y-que-ocurrira-con-los-documentos-actuales\/","title":{"rendered":"EL RENAPER LANZA EL NUEVO DNI ELECTR\u00d3NICO: C\u00d3MO FUNCIONAR\u00c1 Y QU\u00c9 OCURRIR\u00c1 CON LOS DOCUMENTOS ACTUALES"},"content":{"rendered":"<p><strong>La emisi\u00f3n comenzar\u00e1 en los pr\u00f3ximos d\u00edas. Algunas de las nuevas funcionalidades digitales se incorporar\u00e1n a medida que se desarrollen aplicaciones y se establezca la infraestructura tecnol\u00f3gica correspondiente.<\/strong><\/p>\n<p>Despu\u00e9s de m\u00e1s de tres a\u00f1os de desarrollo, el\u00a0<b>Registro Nacional de las Personas (Renaper)<\/b>\u00a0anunci\u00f3 la implementaci\u00f3n del\u00a0<a href=\"https:\/\/www.infobae.com\/tag\/documento-nacional-de-identidad\/\" target=\"_blank\" rel=\"noopener noreferrer\" data-mrf-link=\"https:\/\/www.infobae.com\/tag\/documento-nacional-de-identidad\/\"><b>nuevo Documento Nacional de Identidad electr\u00f3nico<\/b><\/a>, que incorporar\u00e1 un chip y un c\u00f3digo QR. Esto posibilitar\u00e1 la validaci\u00f3n electr\u00f3nica del DNI, as\u00ed como la verificaci\u00f3n de identidad, la introducci\u00f3n de funciones digitales y un reforzamiento de la seguridad.<\/p>\n<p class=\"paragraph\" data-mrf-recirculation=\"Links inline\">El renovado documento se imprimir\u00e1 mediante tecnolog\u00eda l\u00e1ser sobre policarbonato, un material m\u00e1s resistente y duradero, e integrar\u00e1 medidas t\u00e9cnicas de seguridad f\u00edsica para fortalecer la protecci\u00f3n y prevenir posibles falsificaciones.<\/p>\n<div class=\"inline ad-wrapper\">\n<div class=\"dfpAd ad-inline\"><a href=\"https:\/\/vinasfm.com\/noticias\/wp-content\/uploads\/2023\/12\/528dd473-1202-4a79-864a-edfb66085bae.jpg\"><img loading=\"lazy\" decoding=\"async\" class=\"alignnone wp-image-130155\" src=\"https:\/\/vinasfm.com\/noticias\/wp-content\/uploads\/2023\/12\/528dd473-1202-4a79-864a-edfb66085bae.jpg\" alt=\"\" width=\"500\" height=\"500\" srcset=\"https:\/\/vinasfm.com\/noticias\/wp-content\/uploads\/2023\/12\/528dd473-1202-4a79-864a-edfb66085bae.jpg 768w, https:\/\/vinasfm.com\/noticias\/wp-content\/uploads\/2023\/12\/528dd473-1202-4a79-864a-edfb66085bae-300x300.jpg 300w, https:\/\/vinasfm.com\/noticias\/wp-content\/uploads\/2023\/12\/528dd473-1202-4a79-864a-edfb66085bae-150x150.jpg 150w, https:\/\/vinasfm.com\/noticias\/wp-content\/uploads\/2023\/12\/528dd473-1202-4a79-864a-edfb66085bae-360x360.jpg 360w, https:\/\/vinasfm.com\/noticias\/wp-content\/uploads\/2023\/12\/528dd473-1202-4a79-864a-edfb66085bae-750x750.jpg 750w\" sizes=\"auto, (max-width: 500px) 100vw, 500px\" \/><\/a><\/div>\n<\/div>\n<p class=\"paragraph\" data-mrf-recirculation=\"Links inline\"><b>La emisi\u00f3n de los nuevos DNIs comenzar\u00e1 en los pr\u00f3ximos d\u00edas<\/b>, con la previsi\u00f3n de completar la transici\u00f3n al nuevo dise\u00f1o durante el\u00a0<b>segundo trimestre del pr\u00f3ximo a\u00f1o<\/b>. Al mismo tiempo, se continuar\u00e1 con las impresiones de los documentos actuales, seg\u00fan informaron desde el Renaper.<\/p>\n<p class=\"paragraph\" data-mrf-recirculation=\"Links inline\">De esta manera, Argentina se une a la decisi\u00f3n tomada por numerosos pa\u00edses de implementar los mejores est\u00e1ndares internacionales en tecnolog\u00eda y seguridad de identificaci\u00f3n. Esta tendencia ya comenz\u00f3 a ser adoptada desde hace a\u00f1os en toda la regi\u00f3n: Chile lo implement\u00f3 en 2013, Uruguay en 2015, al igual que Paraguay, Ecuador, Per\u00fa y Colombia.<\/p>\n<p class=\"paragraph\" data-mrf-recirculation=\"Links inline\">A nivel global, los documentos electr\u00f3nicos se emiten desde hace m\u00e1s de veinte a\u00f1os en diversos pa\u00edses, incluyendo Espa\u00f1a (desde 2006), Estados Unidos, Alemania, Francia, Austria, Irlanda, El Salvador, Panam\u00e1, Costa Rica, Estonia, Camer\u00fan, Senegal, Emiratos \u00c1rabes Unidos, Australia, entre otros.<\/p>\n<p class=\"paragraph\" data-mrf-recirculation=\"Links inline\">La propuesta de incorporar el DNI electr\u00f3nico fue anunciada en la apertura de sesiones del Congreso del a\u00f1o 2021 por el presidente Alberto Fern\u00e1ndez, en l\u00ednea con las recomendaciones de la<b>\u00a0Organizaci\u00f3n de Aviaci\u00f3n Civil Internacional de las Naciones Unidas (OACI).<\/b>\u00a0Desde el a\u00f1o 2015, la OACI aconseja que el material de la credencial sea policarbonato y porte un chip, tal como este nuevo documento, y que, a su vez, se renueve el dise\u00f1o como m\u00e1ximo cada 10 a\u00f1os (el actual es de 2012) para evitar el fraude.<\/p>\n<h2 class=\"header headline-class-h2\">\u00bfQu\u00e9 ocurrir\u00e1 con los documentos actuales?<\/h2>\n<p class=\"paragraph\" data-mrf-recirculation=\"Links inline\">De acuerdo a informaci\u00f3n del organismo dependiente del Ministerio del Interior, a partir de la entrada en vigor de esta medida,\u00a0<b>se continuar\u00e1n emitiendo los ejemplares actuales<\/b>, los cuales<b>\u00a0conservar\u00e1n la misma validez que el DNI electr\u00f3nico<\/b>. Esta validez perdurar\u00e1 hasta que se agoten los suministros utilizados para la fabricaci\u00f3n de los DNIs actuales y se implemente de manera gradual la emisi\u00f3n del nuevo documento en todo el territorio argentino.<\/p>\n<p class=\"paragraph\" data-mrf-recirculation=\"Links inline\">Es importante resaltar que algunas de las nuevas funcionalidades digitales se incorporar\u00e1n a medida que se desarrollen aplicaciones y se establezca la infraestructura tecnol\u00f3gica correspondiente.<\/p>\n<p class=\"paragraph\" data-mrf-recirculation=\"Links inline\">\u201c<b>Ambos documentos convivir\u00e1n y tendr\u00e1n igual validez<\/b>, por lo que los documentos ya emitidos no deber\u00e1n reemplazarse en forma obligatoria y mantendr\u00e1n su vigencia hasta su vencimiento o hasta la tramitaci\u00f3n de un nuevo ejemplar\u201d, detallaron desde el Renaper.<\/p>\n<p data-mrf-recirculation=\"Links inline\"><a href=\"https:\/\/vinasfm.com\/noticias\/wp-content\/uploads\/2023\/12\/WhatsApp-Image-2023-12-01-at-11.20.30.jpeg\"><img loading=\"lazy\" decoding=\"async\" class=\"alignnone wp-image-130153\" src=\"https:\/\/vinasfm.com\/noticias\/wp-content\/uploads\/2023\/12\/WhatsApp-Image-2023-12-01-at-11.20.30.jpeg\" alt=\"\" width=\"500\" height=\"500\" srcset=\"https:\/\/vinasfm.com\/noticias\/wp-content\/uploads\/2023\/12\/WhatsApp-Image-2023-12-01-at-11.20.30.jpeg 768w, https:\/\/vinasfm.com\/noticias\/wp-content\/uploads\/2023\/12\/WhatsApp-Image-2023-12-01-at-11.20.30-300x300.jpeg 300w, https:\/\/vinasfm.com\/noticias\/wp-content\/uploads\/2023\/12\/WhatsApp-Image-2023-12-01-at-11.20.30-150x150.jpeg 150w, https:\/\/vinasfm.com\/noticias\/wp-content\/uploads\/2023\/12\/WhatsApp-Image-2023-12-01-at-11.20.30-360x360.jpeg 360w, https:\/\/vinasfm.com\/noticias\/wp-content\/uploads\/2023\/12\/WhatsApp-Image-2023-12-01-at-11.20.30-750x750.jpeg 750w\" sizes=\"auto, (max-width: 500px) 100vw, 500px\" \/><\/a><\/p>\n<h2 class=\"header headline-class-h2\">Las funcionalidades del documento electr\u00f3nico<\/h2>\n<p class=\"paragraph\" data-mrf-recirculation=\"Links inline\">El reci\u00e9n dise\u00f1ado DNI incorpora un\u00a0<b>sistema de identificaci\u00f3n destinado a personas no videntes<\/b>, lo cual mejora significativamente la accesibilidad.<\/p>\n<p class=\"paragraph\" data-mrf-recirculation=\"Links inline\">Adem\u00e1s, se prev\u00e9 que desempe\u00f1ar\u00e1 un papel fundamental en el impulso del desarrollo de la identidad digital, siendo utilizado como medio de identificaci\u00f3n e incluso para firmas digitales, a medida que se implementen los cambios correspondientes en los dem\u00e1s componentes del ecosistema de la identidad digital legal en Argentina.<\/p>\n<p class=\"paragraph\" data-mrf-recirculation=\"Links inline\">Tambi\u00e9n, el nuevo DNI adquirir\u00e1 un rol central en las interacciones con organismos p\u00fablicos y privados, as\u00ed como en aplicaciones. Al mismo tiempo,\u00a0<b>cumplir\u00e1 la funci\u00f3n de documento de viaje<\/b>, simplificando los controles de documentaci\u00f3n en Migraciones. Esto no solo facilitar\u00e1 los procesos, sino que tambi\u00e9n a\u00f1adir\u00e1 una herramienta adicional para fortalecer la seguridad en las fronteras, contribuyendo a la lucha contra el narcotr\u00e1fico y la trata de personas.<\/p>\n<p class=\"paragraph\" data-mrf-recirculation=\"Links inline\">En cuanto al\u00a0<b>dise\u00f1o\u00a0<\/b>del nuevo DNI, se integrar\u00e1n s\u00edmbolos emblem\u00e1ticos relacionados con la historia, el futuro y los valores de nuestro pa\u00eds.<\/p>\n","protected":false},"excerpt":{"rendered":"<p>La emisi\u00f3n comenzar\u00e1 en los pr\u00f3ximos d\u00edas. Algunas de las nuevas funcionalidades digitales se incorporar\u00e1n a medida que se desarrollen aplicaciones &#8230;<\/p>\n","protected":false},"author":7,"featured_media":130154,"comment_status":"open","ping_status":"open","sticky":false,"template":"","format":"standard","meta":{"footnotes":""},"categories":[5,10],"tags":[],"class_list":["post-130152","post","type-post","status-publish","format-standard","has-post-thumbnail","hentry","category-actualidad","category-destacadas"],"_links":{"self":[{"href":"https:\/\/vinasfm.com\/noticias\/wp-json\/wp\/v2\/posts\/130152","targetHints":{"allow":["GET"]}}],"collection":[{"href":"https:\/\/vinasfm.com\/noticias\/wp-json\/wp\/v2\/posts"}],"about":[{"href":"https:\/\/vinasfm.com\/noticias\/wp-json\/wp\/v2\/types\/post"}],"author":[{"embeddable":true,"href":"https:\/\/vinasfm.com\/noticias\/wp-json\/wp\/v2\/users\/7"}],"replies":[{"embeddable":true,"href":"https:\/\/vinasfm.com\/noticias\/wp-json\/wp\/v2\/comments?post=130152"}],"version-history":[{"count":1,"href":"https:\/\/vinasfm.com\/noticias\/wp-json\/wp\/v2\/posts\/130152\/revisions"}],"predecessor-version":[{"id":130156,"href":"https:\/\/vinasfm.com\/noticias\/wp-json\/wp\/v2\/posts\/130152\/revisions\/130156"}],"wp:featuredmedia":[{"embeddable":true,"href":"https:\/\/vinasfm.com\/noticias\/wp-json\/wp\/v2\/media\/130154"}],"wp:attachment":[{"href":"https:\/\/vinasfm.com\/noticias\/wp-json\/wp\/v2\/media?parent=130152"}],"wp:term":[{"taxonomy":"category","embeddable":true,"href":"https:\/\/vinasfm.com\/noticias\/wp-json\/wp\/v2\/categories?post=130152"},{"taxonomy":"post_tag","embeddable":true,"href":"https:\/\/vinasfm.com\/noticias\/wp-json\/wp\/v2\/tags?post=130152"}],"curies":[{"name":"wp","href":"https:\/\/api.w.org\/{rel}","templated":true}]}}